{"id":127,"date":"2015-03-22T13:38:22","date_gmt":"2015-03-22T13:38:22","guid":{"rendered":"http:\/\/31.217.196.205\/~mrqxsqrz\/valk_www\/?p=127"},"modified":"2017-08-21T16:23:34","modified_gmt":"2017-08-21T16:23:34","slug":"sylvin-mokin-puuhasteluja","status":"publish","type":"post","link":"https:\/\/www.valkeaunelma.fi\/valk_www\/?p=127","title":{"rendered":"Sylvin m\u00f6kin puuhasteluja"},"content":{"rendered":"<p><a href=\"https:\/\/www.valkeaunelma.fi\/valk_www\/wp-content\/uploads\/2015\/03\/Sylvin_mokin_puuhasteluja.jpg\">4\/2015<\/a><\/p>\n<p><a href=\"https:\/\/i0.wp.com\/www.valkeaunelma.fi\/valk_www\/wp-content\/uploads\/2015\/03\/Sylvin_mokin_puuhasteluja.jpg?ssl=1\"><img data-recalc-dims=\"1\" loading=\"lazy\" decoding=\"async\" class=\"alignnone size-large wp-image-128\" src=\"https:\/\/i0.wp.com\/www.valkeaunelma.fi\/valk_www\/wp-content\/uploads\/2015\/03\/Sylvin_mokin_puuhasteluja.jpg?resize=604%2C453&#038;ssl=1\" alt=\"Sylvin_mokin_puuhasteluja\" width=\"604\" height=\"453\" srcset=\"https:\/\/i0.wp.com\/www.valkeaunelma.fi\/valk_www\/wp-content\/uploads\/2015\/03\/Sylvin_mokin_puuhasteluja.jpg?resize=1024%2C768&amp;ssl=1 1024w, https:\/\/i0.wp.com\/www.valkeaunelma.fi\/valk_www\/wp-content\/uploads\/2015\/03\/Sylvin_mokin_puuhasteluja.jpg?resize=300%2C225&amp;ssl=1 300w, https:\/\/i0.wp.com\/www.valkeaunelma.fi\/valk_www\/wp-content\/uploads\/2015\/03\/Sylvin_mokin_puuhasteluja.jpg?w=1300&amp;ssl=1 1300w, https:\/\/i0.wp.com\/www.valkeaunelma.fi\/valk_www\/wp-content\/uploads\/2015\/03\/Sylvin_mokin_puuhasteluja.jpg?w=1208&amp;ssl=1 1208w\" sizes=\"auto, (max-width: 604px) 100vw, 604px\" \/><\/a><\/p>\n<p><!--more--><\/p>\n<p>&nbsp;<\/p>\n<p>4\/2011<br \/>\nT\u00e4ss\u00e4 osiossa kerron pieni\u00e4 ja hieman suurempia remonttipuuhasteluja mieheni kanssa. T\u00e4m\u00e4 on tavallaan pariterapiaa, yhteist\u00e4 &#8221;laatuaikaa&#8221;, ilman lapsia. Huvi ja hy\u00f6ty yhdistettyn\u00e4. M\u00f6kin remontissa ei ole niin millilleen miten sen tekee kunhan j\u00e4lki on mieluista ja vanhaa tulee kunnioittaa ja vaalia. Vanhaa ja uutta sopusoinnussa kesken\u00e4\u00e4n. Ja kaiken kruunaa kun molemmat tykk\u00e4\u00e4v\u00e4t remonttihommista.<\/p>\n<p>Kyseess\u00e4 on \u00e4itini edesmenneen Sylvi t\u00e4din 40-luvulla rakennettu pieni vanha mummonm\u00f6kki, nimelt\u00e4\u00e4n Sylvin m\u00f6kki. M\u00f6kiss\u00e4 on s\u00e4hk\u00f6t, ei viem\u00e4r\u00f6inti\u00e4 ja porakaivo. M\u00f6kki on ollut useita vuosia k\u00e4ytt\u00e4m\u00e4tt\u00f6m\u00e4n\u00e4, joten jo alkusiivous vei oman aikansa. Kaikki tarpeeton pois ja kaikki tarpeellinen talteen, joko sellaisenaan tai hieman tuunattuna. Alkuun oli tarkoitus vain uudistaa keitti\u00f6 toimivaksi meid\u00e4n 6-henkiselle perheelle, tietysti luopuen erin\u00e4isist\u00e4 mukavuuksista. Keitti\u00f6 sai t\u00e4ysin uuden ilmeen. Vanhat kaapistot saivat l\u00e4hte\u00e4 ja niiss\u00e4 n\u00e4kyi jo hyvin kuinka hiiret olivat niiss\u00e4 vuosia mekastaneet. Vanha lattiamatto revittiin irti. Sein\u00e4t ja katto valkaistiin ja mieheni asensi uudet kaapistot. Piipunmuuri j\u00e4tettiin osittain maalaamatta, jotta tuo ajanpatina n\u00e4kyisi. Uusi ja erikoinen lattiamatto asennettiin. Uusi hella, j\u00e4\u00e4kaappi ja mikroaaltouuni hommattiin, tosin k\u00e4ytettyin\u00e4.<\/p>\n<p>Eli t\u00e4st\u00e4 kaikki alkoi ja paljon on tehty ja paljon on viel\u00e4 tekem\u00e4tt\u00e4. Seuraavaksi uudistimme sis\u00e4kuistin sek\u00e4 eteisaulan. Kuistille tuli uusi paneelikatto sek\u00e4 samanlainen lattiamatto kuin keitti\u00f6\u00f6n. Sama matto jatkaa my\u00f6s eteisaulassa,n\u00e4in kaikki on yhten\u00e4ist\u00e4. Sein\u00e4t ja katto valkaistiin ja samalla sis\u00e4rappuset, jotka johtavat yl\u00e4kertaan. Lis\u00e4ksi mieheni nikkaroi rappusille kaiteen, jotta siin\u00e4 on turvallisempaa liikkua. Nyt jo m\u00f6kill\u00e4 viihtyy ja linja on yhten\u00e4ist\u00e4 ja kaunista katsottavaa.<\/p>\n<p>M\u00f6kiss\u00e4 on suurehko kammari tai olohuone, miten kukin nyt sit\u00e4 haluaa kutsua. Sein\u00e4t ovat nyt vihre\u00e4t ja takka on punainen tiilitakka. T\u00e4m\u00e4n uudistamisen j\u00e4t\u00e4mme sovinnolla tulevalle kev\u00e4\u00e4lle\/kes\u00e4lle. Uusi lattiamatto on sinne jo ostettu ja siell\u00e4 se on odottanut jo koko talven laittajaansa. Kerron lis\u00e4\u00e4 t\u00e4st\u00e4 huoneesta kunnes sinne p\u00e4\u00e4semme touhuamaan.<\/p>\n<p>Yl\u00e4kerrassa on yksi l\u00e4mp\u00f6eristetty huone, josta teimme lapsille yhteisen huoneen tai sitten vierashuoneen. Lis\u00e4ksi siell\u00e4 on pienehk\u00f6 l\u00e4mmitt\u00e4m\u00e4t\u00f6n aulatila. Yl\u00e4kerran huone sai my\u00f6s uuden vaaleahkon lattiamaton sek\u00e4 vaaleat sein\u00e4pinnat ja katon. Katto laskee tuossa huoneessa aika rajusti, joten siksi tuo vaalea v\u00e4ri on tuolla valttia. Enemm\u00e4n tilan tuntua ja valoisaa. Ja muutenkin lapsille oivallinen oma paikka omine leluineen. Aulatilassa on lautalattia ja v\u00e4ritys on vihre\u00e4 ja toistaiseksi se saa j\u00e4\u00e4d\u00e4 tuohon vanhaan olotilaansa. Hieman stailausta ja homma on siin\u00e4.<\/p>\n<p>Pihalle mieheni jo viime kes\u00e4n\u00e4 teki suurehkon pation, jossa voi sitten grillailla ja aterioida ja viett\u00e4\u00e4 perheen kesken laatuaikaa. Piha on muuten aika sammaleinen ja ruohikkoinen. Pienen aidanp\u00e4tk\u00e4n laitoimme viime kes\u00e4n\u00e4 tavallaan rajaamaan tonttia ja istutimme muutaman Tuijan sitten joskus hieman n\u00e4k\u00f6suojaa antamaan kunhan kerki\u00e4v\u00e4t kasvamaan.<\/p>\n<p>Pihasaunaa emme viel\u00e4 ole remontoineet, haaveileet kyll\u00e4kin. Saunan pienehk\u00f6n pukuhuoneen sein\u00e4t saivat vaalean maalipinnan vihre\u00e4n sijaan ja tila stailattiin vanhoilla m\u00f6kin tavaroilla. Saunaan ei tule suoranaisesti vett\u00e4, vaan vesi t\u00e4ytyy hakea kaivosta ja kun meid\u00e4n perhe saunoo niin vett\u00e4 saa olla koko ajan hakemassa lis\u00e4\u00e4 eli t\u00e4h\u00e4n ollaan mietitty parannuskeinoa. J\u00e4rve\u00e4 t\u00e4ss\u00e4 m\u00f6kin yhteydess\u00e4 ei ole, mik\u00e4 onkin mielest\u00e4mme suuri miinus. Muuten paikka on mieluinen ja rakas.<\/p>\n<p>Liiterit tyhjensimme kaikesta roinasta ja j\u00e4rjestimme uuteen uskoon. Puucee on liiterin yhteydess\u00e4 ja sielt\u00e4 viime kes\u00e4n\u00e4 putsasin sein\u00e4t ja tarkoitus on vain maalata sein\u00e4t ja taasen stailata t\u00e4m\u00e4kin komistus uuteen uskoon.<\/p>\n<p>Ajatuksissa on ollut my\u00f6s koko m\u00f6kin julkisivun maalaus ja samalla katon maalaus. T\u00e4m\u00e4 on ollut jo useaan ajatuksena, mutta ehk\u00e4 se saa odottaa viel\u00e4 jonkin aikaa. V\u00e4lill\u00e4 t\u00e4ytyy hieman heng\u00e4ht\u00e4\u00e4 ja antaa ajatuksen juosta ja vain nauttia tehdyst\u00e4 tuloksesta.<\/p>\n<p><a href=\"https:\/\/i0.wp.com\/www.valkeaunelma.fi\/valk_www\/wp-content\/uploads\/2015\/03\/IMG_6033.jpg?ssl=1\"><img data-recalc-dims=\"1\" loading=\"lazy\" decoding=\"async\" class=\"alignnone size-large wp-image-129\" src=\"https:\/\/i0.wp.com\/www.valkeaunelma.fi\/valk_www\/wp-content\/uploads\/2015\/03\/IMG_6033.jpg?resize=500%2C374&#038;ssl=1\" alt=\"IMG_6033\" width=\"500\" height=\"374\" srcset=\"https:\/\/i0.wp.com\/www.valkeaunelma.fi\/valk_www\/wp-content\/uploads\/2015\/03\/IMG_6033.jpg?w=500&amp;ssl=1 500w, https:\/\/i0.wp.com\/www.valkeaunelma.fi\/valk_www\/wp-content\/uploads\/2015\/03\/IMG_6033.jpg?resize=300%2C224&amp;ssl=1 300w\" sizes=\"auto, (max-width: 500px) 100vw, 500px\" \/><\/a><br \/>\nKeitti\u00f6. Kokonaan uusittu; lattiamatto vaihdettu, sein\u00e4t sek\u00e4 katto valkaistu, keitti\u00f6kalusteet uusittu ja v\u00e4litilan laatoitus tehty. My\u00f6s vanha puuliesi on valkaistu. Uudet, k\u00e4ytetyt j\u00e4\u00e4kaappi, mikro sek\u00e4 liesi. Samoin l\u00f6ysin n\u00e4pp\u00e4r\u00e4n kokoisen pirttikaluston.<br \/>\n<a href=\"https:\/\/i0.wp.com\/www.valkeaunelma.fi\/valk_www\/wp-content\/uploads\/2015\/03\/Mokki_keittio_5.jpg?ssl=1\"><img data-recalc-dims=\"1\" loading=\"lazy\" decoding=\"async\" class=\"alignnone size-large wp-image-130\" src=\"https:\/\/i0.wp.com\/www.valkeaunelma.fi\/valk_www\/wp-content\/uploads\/2015\/03\/Mokki_keittio_5.jpg?resize=500%2C375&#038;ssl=1\" alt=\"Mokki_keittio_5\" width=\"500\" height=\"375\" srcset=\"https:\/\/i0.wp.com\/www.valkeaunelma.fi\/valk_www\/wp-content\/uploads\/2015\/03\/Mokki_keittio_5.jpg?w=500&amp;ssl=1 500w, https:\/\/i0.wp.com\/www.valkeaunelma.fi\/valk_www\/wp-content\/uploads\/2015\/03\/Mokki_keittio_5.jpg?resize=300%2C225&amp;ssl=1 300w\" sizes=\"auto, (max-width: 500px) 100vw, 500px\" \/><\/a><br \/>\nAlkuun keitti\u00f6ss\u00e4 oli n\u00e4in pieni p\u00f6yt\u00e4, mutta eih\u00e4n se meille riitt\u00e4nyt. Verhot l\u00f6ysin muutamalla eurolla kirppikselt\u00e4.<br \/>\n<a href=\"https:\/\/i0.wp.com\/www.valkeaunelma.fi\/valk_www\/wp-content\/uploads\/2015\/03\/Mokki_keittio_4.jpg?ssl=1\"><img data-recalc-dims=\"1\" loading=\"lazy\" decoding=\"async\" class=\"alignnone size-large wp-image-131\" src=\"https:\/\/i0.wp.com\/www.valkeaunelma.fi\/valk_www\/wp-content\/uploads\/2015\/03\/Mokki_keittio_4.jpg?resize=375%2C500&#038;ssl=1\" alt=\"Mokki_keittio_4\" width=\"375\" height=\"500\" srcset=\"https:\/\/i0.wp.com\/www.valkeaunelma.fi\/valk_www\/wp-content\/uploads\/2015\/03\/Mokki_keittio_4.jpg?w=375&amp;ssl=1 375w, https:\/\/i0.wp.com\/www.valkeaunelma.fi\/valk_www\/wp-content\/uploads\/2015\/03\/Mokki_keittio_4.jpg?resize=225%2C300&amp;ssl=1 225w\" sizes=\"auto, (max-width: 375px) 100vw, 375px\" \/><\/a><br \/>\nM\u00f6kin kuisti. Katto paneloitu sek\u00e4 valkaistu. Lattiamatto vaihdettu.<a href=\"https:\/\/i0.wp.com\/www.valkeaunelma.fi\/valk_www\/wp-content\/uploads\/2015\/03\/Mokki_eteinen.jpg?ssl=1\"><img data-recalc-dims=\"1\" loading=\"lazy\" decoding=\"async\" class=\"alignnone size-large wp-image-132\" src=\"https:\/\/i0.wp.com\/www.valkeaunelma.fi\/valk_www\/wp-content\/uploads\/2015\/03\/Mokki_eteinen.jpg?resize=375%2C500&#038;ssl=1\" alt=\"Mokki_eteinen\" width=\"375\" height=\"500\" srcset=\"https:\/\/i0.wp.com\/www.valkeaunelma.fi\/valk_www\/wp-content\/uploads\/2015\/03\/Mokki_eteinen.jpg?w=375&amp;ssl=1 375w, https:\/\/i0.wp.com\/www.valkeaunelma.fi\/valk_www\/wp-content\/uploads\/2015\/03\/Mokki_eteinen.jpg?resize=225%2C300&amp;ssl=1 225w\" sizes=\"auto, (max-width: 375px) 100vw, 375px\" \/><\/a><br \/>\n6\/2013<\/p>\n<p>Mieheni suostui lopultakin paneloimaan t\u00e4m\u00e4n kuistin. Ty\u00f6 on viel\u00e4 hitusen kesken ja sitten loppusilaus ja valkea maalipinta p\u00e4\u00e4lle. Kaksi somaa ja vanhaa tuolia kera valkoiseksi maalatun py\u00f6re\u00e4n p\u00f6yd\u00e4n&#8230;<\/p>\n<p><a href=\"https:\/\/i0.wp.com\/www.valkeaunelma.fi\/valk_www\/wp-content\/uploads\/2015\/03\/Mokki_kuisti.jpg?ssl=1\"><img data-recalc-dims=\"1\" loading=\"lazy\" decoding=\"async\" class=\"alignnone size-large wp-image-133\" src=\"https:\/\/i0.wp.com\/www.valkeaunelma.fi\/valk_www\/wp-content\/uploads\/2015\/03\/Mokki_kuisti.jpg?resize=375%2C500&#038;ssl=1\" alt=\"Mokki_kuisti\" width=\"375\" height=\"500\" srcset=\"https:\/\/i0.wp.com\/www.valkeaunelma.fi\/valk_www\/wp-content\/uploads\/2015\/03\/Mokki_kuisti.jpg?w=375&amp;ssl=1 375w, https:\/\/i0.wp.com\/www.valkeaunelma.fi\/valk_www\/wp-content\/uploads\/2015\/03\/Mokki_kuisti.jpg?resize=225%2C300&amp;ssl=1 225w\" sizes=\"auto, (max-width: 375px) 100vw, 375px\" \/><\/a> <a href=\"https:\/\/i0.wp.com\/www.valkeaunelma.fi\/valk_www\/wp-content\/uploads\/2015\/03\/Mokki_kuisti_5.jpg?ssl=1\"><img data-recalc-dims=\"1\" loading=\"lazy\" decoding=\"async\" class=\"alignnone size-large wp-image-134\" src=\"https:\/\/i0.wp.com\/www.valkeaunelma.fi\/valk_www\/wp-content\/uploads\/2015\/03\/Mokki_kuisti_5.jpg?resize=375%2C500&#038;ssl=1\" alt=\"Mokki_kuisti_5\" width=\"375\" height=\"500\" srcset=\"https:\/\/i0.wp.com\/www.valkeaunelma.fi\/valk_www\/wp-content\/uploads\/2015\/03\/Mokki_kuisti_5.jpg?w=375&amp;ssl=1 375w, https:\/\/i0.wp.com\/www.valkeaunelma.fi\/valk_www\/wp-content\/uploads\/2015\/03\/Mokki_kuisti_5.jpg?resize=225%2C300&amp;ssl=1 225w\" sizes=\"auto, (max-width: 375px) 100vw, 375px\" \/><\/a> <a href=\"https:\/\/i0.wp.com\/www.valkeaunelma.fi\/valk_www\/wp-content\/uploads\/2015\/03\/Mokki_kuisti_2.jpg?ssl=1\"><img data-recalc-dims=\"1\" loading=\"lazy\" decoding=\"async\" class=\"alignnone size-large wp-image-135\" src=\"https:\/\/i0.wp.com\/www.valkeaunelma.fi\/valk_www\/wp-content\/uploads\/2015\/03\/Mokki_kuisti_2.jpg?resize=375%2C500&#038;ssl=1\" alt=\"Mokki_kuisti_2\" width=\"375\" height=\"500\" srcset=\"https:\/\/i0.wp.com\/www.valkeaunelma.fi\/valk_www\/wp-content\/uploads\/2015\/03\/Mokki_kuisti_2.jpg?w=375&amp;ssl=1 375w, https:\/\/i0.wp.com\/www.valkeaunelma.fi\/valk_www\/wp-content\/uploads\/2015\/03\/Mokki_kuisti_2.jpg?resize=225%2C300&amp;ssl=1 225w\" sizes=\"auto, (max-width: 375px) 100vw, 375px\" \/><\/a> <a href=\"https:\/\/i0.wp.com\/www.valkeaunelma.fi\/valk_www\/wp-content\/uploads\/2015\/03\/Mokki_kuisti_4.jpg?ssl=1\"><img data-recalc-dims=\"1\" loading=\"lazy\" decoding=\"async\" class=\"alignnone size-large wp-image-136\" src=\"https:\/\/i0.wp.com\/www.valkeaunelma.fi\/valk_www\/wp-content\/uploads\/2015\/03\/Mokki_kuisti_4.jpg?resize=375%2C500&#038;ssl=1\" alt=\"Mokki_kuisti_4\" width=\"375\" height=\"500\" srcset=\"https:\/\/i0.wp.com\/www.valkeaunelma.fi\/valk_www\/wp-content\/uploads\/2015\/03\/Mokki_kuisti_4.jpg?w=375&amp;ssl=1 375w, https:\/\/i0.wp.com\/www.valkeaunelma.fi\/valk_www\/wp-content\/uploads\/2015\/03\/Mokki_kuisti_4.jpg?resize=225%2C300&amp;ssl=1 225w\" sizes=\"auto, (max-width: 375px) 100vw, 375px\" \/><\/a> <a href=\"https:\/\/i0.wp.com\/www.valkeaunelma.fi\/valk_www\/wp-content\/uploads\/2015\/03\/Mokki_kuisti_3.jpg?ssl=1\"><img data-recalc-dims=\"1\" loading=\"lazy\" decoding=\"async\" class=\"alignnone size-large wp-image-137\" src=\"https:\/\/i0.wp.com\/www.valkeaunelma.fi\/valk_www\/wp-content\/uploads\/2015\/03\/Mokki_kuisti_3.jpg?resize=500%2C375&#038;ssl=1\" alt=\"Mokki_kuisti_3\" width=\"500\" height=\"375\" srcset=\"https:\/\/i0.wp.com\/www.valkeaunelma.fi\/valk_www\/wp-content\/uploads\/2015\/03\/Mokki_kuisti_3.jpg?w=500&amp;ssl=1 500w, https:\/\/i0.wp.com\/www.valkeaunelma.fi\/valk_www\/wp-content\/uploads\/2015\/03\/Mokki_kuisti_3.jpg?resize=300%2C225&amp;ssl=1 300w\" sizes=\"auto, (max-width: 500px) 100vw, 500px\" \/><br \/>\n<\/a>7\/2014<\/p>\n<p>Maalasin m\u00f6kin kuistin, kolme kertaa, Luja puolihimme\u00e4n valkoisella maalilla. Ikkunanpuitteista hieraisin vanhan irtomaalin pois ja j\u00e4tin ne tahallaan vanhaan kuntoonsa, ilman uutta maalipintaa. Kyll\u00e4 vaaleus vain avartaa. Kaunis lopputulos.<\/p>\n<p><a href=\"https:\/\/i0.wp.com\/www.valkeaunelma.fi\/valk_www\/wp-content\/uploads\/2015\/03\/Eteinen_ulkoa_poyta_tuolit.jpg?ssl=1\"><img data-recalc-dims=\"1\" loading=\"lazy\" decoding=\"async\" class=\"alignnone size-large wp-image-138\" src=\"https:\/\/i0.wp.com\/www.valkeaunelma.fi\/valk_www\/wp-content\/uploads\/2015\/03\/Eteinen_ulkoa_poyta_tuolit.jpg?resize=323%2C575&#038;ssl=1\" alt=\"Eteinen_ulkoa_poyta_tuolit\" width=\"323\" height=\"575\" srcset=\"https:\/\/i0.wp.com\/www.valkeaunelma.fi\/valk_www\/wp-content\/uploads\/2015\/03\/Eteinen_ulkoa_poyta_tuolit.jpg?w=323&amp;ssl=1 323w, https:\/\/i0.wp.com\/www.valkeaunelma.fi\/valk_www\/wp-content\/uploads\/2015\/03\/Eteinen_ulkoa_poyta_tuolit.jpg?resize=169%2C300&amp;ssl=1 169w\" sizes=\"auto, (max-width: 323px) 100vw, 323px\" \/><\/a> <a href=\"https:\/\/i0.wp.com\/www.valkeaunelma.fi\/valk_www\/wp-content\/uploads\/2015\/03\/Eteinen_ikkuna.jpg?ssl=1\"><img data-recalc-dims=\"1\" loading=\"lazy\" decoding=\"async\" class=\"alignnone size-large wp-image-139\" src=\"https:\/\/i0.wp.com\/www.valkeaunelma.fi\/valk_www\/wp-content\/uploads\/2015\/03\/Eteinen_ikkuna.jpg?resize=323%2C575&#038;ssl=1\" alt=\"Eteinen_ikkuna\" width=\"323\" height=\"575\" srcset=\"https:\/\/i0.wp.com\/www.valkeaunelma.fi\/valk_www\/wp-content\/uploads\/2015\/03\/Eteinen_ikkuna.jpg?w=323&amp;ssl=1 323w, https:\/\/i0.wp.com\/www.valkeaunelma.fi\/valk_www\/wp-content\/uploads\/2015\/03\/Eteinen_ikkuna.jpg?resize=169%2C300&amp;ssl=1 169w\" sizes=\"auto, (max-width: 323px) 100vw, 323px\" \/><\/a> <a href=\"https:\/\/i0.wp.com\/www.valkeaunelma.fi\/valk_www\/wp-content\/uploads\/2015\/03\/Eteinen_ulkoa.jpg?ssl=1\"><img data-recalc-dims=\"1\" loading=\"lazy\" decoding=\"async\" class=\"alignnone size-large wp-image-140\" src=\"https:\/\/i0.wp.com\/www.valkeaunelma.fi\/valk_www\/wp-content\/uploads\/2015\/03\/Eteinen_ulkoa.jpg?resize=323%2C575&#038;ssl=1\" alt=\"Eteinen_ulkoa\" width=\"323\" height=\"575\" srcset=\"https:\/\/i0.wp.com\/www.valkeaunelma.fi\/valk_www\/wp-content\/uploads\/2015\/03\/Eteinen_ulkoa.jpg?w=323&amp;ssl=1 323w, https:\/\/i0.wp.com\/www.valkeaunelma.fi\/valk_www\/wp-content\/uploads\/2015\/03\/Eteinen_ulkoa.jpg?resize=169%2C300&amp;ssl=1 169w\" sizes=\"auto, (max-width: 323px) 100vw, 323px\" \/><\/a> <a href=\"https:\/\/i0.wp.com\/www.valkeaunelma.fi\/valk_www\/wp-content\/uploads\/2015\/03\/Poyta_ja_tuolit1.jpg?ssl=1\"><img data-recalc-dims=\"1\" loading=\"lazy\" decoding=\"async\" class=\"alignnone size-large wp-image-141\" src=\"https:\/\/i0.wp.com\/www.valkeaunelma.fi\/valk_www\/wp-content\/uploads\/2015\/03\/Poyta_ja_tuolit1.jpg?resize=575%2C323&#038;ssl=1\" alt=\"Poyta_ja_tuolit\" width=\"575\" height=\"323\" srcset=\"https:\/\/i0.wp.com\/www.valkeaunelma.fi\/valk_www\/wp-content\/uploads\/2015\/03\/Poyta_ja_tuolit1.jpg?w=575&amp;ssl=1 575w, https:\/\/i0.wp.com\/www.valkeaunelma.fi\/valk_www\/wp-content\/uploads\/2015\/03\/Poyta_ja_tuolit1.jpg?resize=300%2C169&amp;ssl=1 300w\" sizes=\"auto, (max-width: 575px) 100vw, 575px\" \/><\/a>\u00a0T\u00e4ss\u00e4 miehen k\u00e4sittelem\u00e4 antiikkikuva&#8230;<a href=\"https:\/\/i0.wp.com\/www.valkeaunelma.fi\/valk_www\/wp-content\/uploads\/2015\/03\/Mokki_eteinen_poyta_tuolit_2_antiikki.jpg?ssl=1\"><img data-recalc-dims=\"1\" loading=\"lazy\" decoding=\"async\" class=\"alignnone size-large wp-image-142\" src=\"https:\/\/i0.wp.com\/www.valkeaunelma.fi\/valk_www\/wp-content\/uploads\/2015\/03\/Mokki_eteinen_poyta_tuolit_2_antiikki.jpg?resize=575%2C323&#038;ssl=1\" alt=\"Mokki_eteinen_poyta_tuolit_2_antiikki\" width=\"575\" height=\"323\" srcset=\"https:\/\/i0.wp.com\/www.valkeaunelma.fi\/valk_www\/wp-content\/uploads\/2015\/03\/Mokki_eteinen_poyta_tuolit_2_antiikki.jpg?w=575&amp;ssl=1 575w, https:\/\/i0.wp.com\/www.valkeaunelma.fi\/valk_www\/wp-content\/uploads\/2015\/03\/Mokki_eteinen_poyta_tuolit_2_antiikki.jpg?resize=300%2C169&amp;ssl=1 300w\" sizes=\"auto, (max-width: 575px) 100vw, 575px\" \/><\/a><\/p>\n<p>T\u00e4m\u00e4n puisen peilin l\u00f6ysin Kierr\u00e4tyskeskuksesta. Aikas soma.<a href=\"https:\/\/i0.wp.com\/www.valkeaunelma.fi\/valk_www\/wp-content\/uploads\/2015\/03\/Eteinen_peili.jpg?ssl=1\"><img data-recalc-dims=\"1\" loading=\"lazy\" decoding=\"async\" class=\"alignnone size-large wp-image-143\" src=\"https:\/\/i0.wp.com\/www.valkeaunelma.fi\/valk_www\/wp-content\/uploads\/2015\/03\/Eteinen_peili.jpg?resize=323%2C575&#038;ssl=1\" alt=\"Eteinen_peili\" width=\"323\" height=\"575\" srcset=\"https:\/\/i0.wp.com\/www.valkeaunelma.fi\/valk_www\/wp-content\/uploads\/2015\/03\/Eteinen_peili.jpg?w=323&amp;ssl=1 323w, https:\/\/i0.wp.com\/www.valkeaunelma.fi\/valk_www\/wp-content\/uploads\/2015\/03\/Eteinen_peili.jpg?resize=169%2C300&amp;ssl=1 169w\" sizes=\"auto, (max-width: 323px) 100vw, 323px\" \/><\/a> <a href=\"https:\/\/i0.wp.com\/www.valkeaunelma.fi\/valk_www\/wp-content\/uploads\/2015\/03\/Mokki_naulakko_lyhty.jpg?ssl=1\"><img data-recalc-dims=\"1\" loading=\"lazy\" decoding=\"async\" class=\"alignnone size-large wp-image-144\" src=\"https:\/\/i0.wp.com\/www.valkeaunelma.fi\/valk_www\/wp-content\/uploads\/2015\/03\/Mokki_naulakko_lyhty.jpg?resize=323%2C575&#038;ssl=1\" alt=\"Mokki_naulakko_lyhty\" width=\"323\" height=\"575\" srcset=\"https:\/\/i0.wp.com\/www.valkeaunelma.fi\/valk_www\/wp-content\/uploads\/2015\/03\/Mokki_naulakko_lyhty.jpg?w=323&amp;ssl=1 323w, https:\/\/i0.wp.com\/www.valkeaunelma.fi\/valk_www\/wp-content\/uploads\/2015\/03\/Mokki_naulakko_lyhty.jpg?resize=169%2C300&amp;ssl=1 169w\" sizes=\"auto, (max-width: 323px) 100vw, 323px\" \/><\/a> <a href=\"https:\/\/i0.wp.com\/www.valkeaunelma.fi\/valk_www\/wp-content\/uploads\/2015\/03\/Mokki_naulakko_ikkuna.jpg?ssl=1\"><img data-recalc-dims=\"1\" loading=\"lazy\" decoding=\"async\" class=\"alignnone size-large wp-image-145\" src=\"https:\/\/i0.wp.com\/www.valkeaunelma.fi\/valk_www\/wp-content\/uploads\/2015\/03\/Mokki_naulakko_ikkuna.jpg?resize=575%2C323&#038;ssl=1\" alt=\"Mokki_naulakko_ikkuna\" width=\"575\" height=\"323\" srcset=\"https:\/\/i0.wp.com\/www.valkeaunelma.fi\/valk_www\/wp-content\/uploads\/2015\/03\/Mokki_naulakko_ikkuna.jpg?w=575&amp;ssl=1 575w, https:\/\/i0.wp.com\/www.valkeaunelma.fi\/valk_www\/wp-content\/uploads\/2015\/03\/Mokki_naulakko_ikkuna.jpg?resize=300%2C169&amp;ssl=1 300w\" sizes=\"auto, (max-width: 575px) 100vw, 575px\" \/><\/a>Eteisaulan rappuset yl\u00e4kertaan. Lattiamatto on vaihdettu, samoin rappuset maalasin<br \/>\nvaalealla kuten sein\u00e4tkin.<br \/>\n<a href=\"https:\/\/i0.wp.com\/www.valkeaunelma.fi\/valk_www\/wp-content\/uploads\/2015\/03\/Mokki_portaikko.jpg?ssl=1\"><img data-recalc-dims=\"1\" loading=\"lazy\" decoding=\"async\" class=\"alignnone size-large wp-image-146\" src=\"https:\/\/i0.wp.com\/www.valkeaunelma.fi\/valk_www\/wp-content\/uploads\/2015\/03\/Mokki_portaikko.jpg?resize=375%2C500&#038;ssl=1\" alt=\"Mokki_portaikko\" width=\"375\" height=\"500\" srcset=\"https:\/\/i0.wp.com\/www.valkeaunelma.fi\/valk_www\/wp-content\/uploads\/2015\/03\/Mokki_portaikko.jpg?w=375&amp;ssl=1 375w, https:\/\/i0.wp.com\/www.valkeaunelma.fi\/valk_www\/wp-content\/uploads\/2015\/03\/Mokki_portaikko.jpg?resize=225%2C300&amp;ssl=1 225w\" sizes=\"auto, (max-width: 375px) 100vw, 375px\" \/><\/a><br \/>\nAulan rappuset uuden kaiteen kera. Askelmat maalasin uudelleen lattiamaalilla harmaiksi, paljon k\u00e4yt\u00e4nn\u00f6llisemm\u00e4t. Sein\u00e4ll\u00e4 \u00e4itini tekem\u00e4 sininen raanu, Nuottakota.<a href=\"https:\/\/i0.wp.com\/www.valkeaunelma.fi\/valk_www\/wp-content\/uploads\/2015\/03\/IMG_6034.jpg?ssl=1\"><img data-recalc-dims=\"1\" loading=\"lazy\" decoding=\"async\" class=\"alignnone size-large wp-image-147\" src=\"https:\/\/i0.wp.com\/www.valkeaunelma.fi\/valk_www\/wp-content\/uploads\/2015\/03\/IMG_6034.jpg?resize=374%2C500&#038;ssl=1\" alt=\"IMG_6034\" width=\"374\" height=\"500\" srcset=\"https:\/\/i0.wp.com\/www.valkeaunelma.fi\/valk_www\/wp-content\/uploads\/2015\/03\/IMG_6034.jpg?w=374&amp;ssl=1 374w, https:\/\/i0.wp.com\/www.valkeaunelma.fi\/valk_www\/wp-content\/uploads\/2015\/03\/IMG_6034.jpg?resize=224%2C300&amp;ssl=1 224w\" sizes=\"auto, (max-width: 374px) 100vw, 374px\" \/><\/a> <a href=\"https:\/\/i0.wp.com\/www.valkeaunelma.fi\/valk_www\/wp-content\/uploads\/2015\/03\/IMG_6035.jpg?ssl=1\"><img data-recalc-dims=\"1\" loading=\"lazy\" decoding=\"async\" class=\"alignnone size-large wp-image-148\" src=\"https:\/\/i0.wp.com\/www.valkeaunelma.fi\/valk_www\/wp-content\/uploads\/2015\/03\/IMG_6035.jpg?resize=374%2C500&#038;ssl=1\" alt=\"IMG_6035\" width=\"374\" height=\"500\" srcset=\"https:\/\/i0.wp.com\/www.valkeaunelma.fi\/valk_www\/wp-content\/uploads\/2015\/03\/IMG_6035.jpg?w=374&amp;ssl=1 374w, https:\/\/i0.wp.com\/www.valkeaunelma.fi\/valk_www\/wp-content\/uploads\/2015\/03\/IMG_6035.jpg?resize=224%2C300&amp;ssl=1 224w\" sizes=\"auto, (max-width: 374px) 100vw, 374px\" \/><br \/>\n<\/a>Yl\u00e4kerta, l\u00e4mp\u00f6eristetty puoli. Lattiamatto on vaihdettu sek\u00e4 sein\u00e4t ja katto maalattu vaalealla. Vanhat ihanat r\u00e4symatot on pesty ja j\u00e4lleen omilla paikoillaan. My\u00f6s m\u00f6kin omat vanhat huonekalut on s\u00e4\u00e4stetty.<br \/>\n<a href=\"https:\/\/i0.wp.com\/www.valkeaunelma.fi\/valk_www\/wp-content\/uploads\/2015\/03\/Mokki_ylakerta.jpg?ssl=1\"><img data-recalc-dims=\"1\" loading=\"lazy\" decoding=\"async\" class=\"alignnone size-large wp-image-149\" src=\"https:\/\/i0.wp.com\/www.valkeaunelma.fi\/valk_www\/wp-content\/uploads\/2015\/03\/Mokki_ylakerta.jpg?resize=500%2C375&#038;ssl=1\" alt=\"Mokki_ylakerta\" width=\"500\" height=\"375\" srcset=\"https:\/\/i0.wp.com\/www.valkeaunelma.fi\/valk_www\/wp-content\/uploads\/2015\/03\/Mokki_ylakerta.jpg?w=500&amp;ssl=1 500w, https:\/\/i0.wp.com\/www.valkeaunelma.fi\/valk_www\/wp-content\/uploads\/2015\/03\/Mokki_ylakerta.jpg?resize=300%2C225&amp;ssl=1 300w\" sizes=\"auto, (max-width: 500px) 100vw, 500px\" \/><br \/>\n<\/a>Vanha kammari. Pirte\u00e4n vihre\u00e4\u00e4 ja punaista, vanhaan tyyliin.<a href=\"https:\/\/i0.wp.com\/www.valkeaunelma.fi\/valk_www\/wp-content\/uploads\/2015\/03\/Mokki_olohuone_4.jpg?ssl=1\"><img data-recalc-dims=\"1\" loading=\"lazy\" decoding=\"async\" class=\"alignnone size-large wp-image-150\" src=\"https:\/\/i0.wp.com\/www.valkeaunelma.fi\/valk_www\/wp-content\/uploads\/2015\/03\/Mokki_olohuone_4.jpg?resize=500%2C375&#038;ssl=1\" alt=\"Mokki_olohuone_4\" width=\"500\" height=\"375\" srcset=\"https:\/\/i0.wp.com\/www.valkeaunelma.fi\/valk_www\/wp-content\/uploads\/2015\/03\/Mokki_olohuone_4.jpg?w=500&amp;ssl=1 500w, https:\/\/i0.wp.com\/www.valkeaunelma.fi\/valk_www\/wp-content\/uploads\/2015\/03\/Mokki_olohuone_4.jpg?resize=300%2C225&amp;ssl=1 300w\" sizes=\"auto, (max-width: 500px) 100vw, 500px\" \/><\/a> <a href=\"https:\/\/i0.wp.com\/www.valkeaunelma.fi\/valk_www\/wp-content\/uploads\/2015\/03\/Mokki_olohuone_5.jpg?ssl=1\"><img data-recalc-dims=\"1\" loading=\"lazy\" decoding=\"async\" class=\"alignnone size-large wp-image-151\" src=\"https:\/\/i0.wp.com\/www.valkeaunelma.fi\/valk_www\/wp-content\/uploads\/2015\/03\/Mokki_olohuone_5.jpg?resize=375%2C500&#038;ssl=1\" alt=\"Mokki_olohuone_5\" width=\"375\" height=\"500\" srcset=\"https:\/\/i0.wp.com\/www.valkeaunelma.fi\/valk_www\/wp-content\/uploads\/2015\/03\/Mokki_olohuone_5.jpg?w=375&amp;ssl=1 375w, https:\/\/i0.wp.com\/www.valkeaunelma.fi\/valk_www\/wp-content\/uploads\/2015\/03\/Mokki_olohuone_5.jpg?resize=225%2C300&amp;ssl=1 225w\" sizes=\"auto, (max-width: 375px) 100vw, 375px\" \/><\/a> <a href=\"https:\/\/i0.wp.com\/www.valkeaunelma.fi\/valk_www\/wp-content\/uploads\/2015\/03\/Mokki_takka.jpg?ssl=1\"><img data-recalc-dims=\"1\" loading=\"lazy\" decoding=\"async\" class=\"alignnone size-large wp-image-152\" src=\"https:\/\/i0.wp.com\/www.valkeaunelma.fi\/valk_www\/wp-content\/uploads\/2015\/03\/Mokki_takka.jpg?resize=500%2C375&#038;ssl=1\" alt=\"Mokki_takka\" width=\"500\" height=\"375\" srcset=\"https:\/\/i0.wp.com\/www.valkeaunelma.fi\/valk_www\/wp-content\/uploads\/2015\/03\/Mokki_takka.jpg?w=500&amp;ssl=1 500w, https:\/\/i0.wp.com\/www.valkeaunelma.fi\/valk_www\/wp-content\/uploads\/2015\/03\/Mokki_takka.jpg?resize=300%2C225&amp;ssl=1 300w\" sizes=\"auto, (max-width: 500px) 100vw, 500px\" \/><br \/>\n<\/a>Kammari remontin j\u00e4lkeen. Vaaleaa ja harmoonista, yhten\u00e4ist\u00e4, ripaus punaista piristeen\u00e4. My\u00f6s lattiamaton vaihdoimme vaaleaan s\u00e4vyyn.<a href=\"https:\/\/www.valkeaunelma.fi\/valk_www\/wp-content\/uploads\/2015\/03\/IMG_5915.jpg\"><br \/>\n<\/a><a href=\"https:\/\/i0.wp.com\/www.valkeaunelma.fi\/valk_www\/wp-content\/uploads\/2015\/03\/IMG_5915.jpg?ssl=1\"><img data-recalc-dims=\"1\" loading=\"lazy\" decoding=\"async\" class=\"alignnone size-large wp-image-153\" src=\"https:\/\/i0.wp.com\/www.valkeaunelma.fi\/valk_www\/wp-content\/uploads\/2015\/03\/IMG_5915.jpg?resize=500%2C374&#038;ssl=1\" alt=\"IMG_5915\" width=\"500\" height=\"374\" srcset=\"https:\/\/i0.wp.com\/www.valkeaunelma.fi\/valk_www\/wp-content\/uploads\/2015\/03\/IMG_5915.jpg?w=500&amp;ssl=1 500w, https:\/\/i0.wp.com\/www.valkeaunelma.fi\/valk_www\/wp-content\/uploads\/2015\/03\/IMG_5915.jpg?resize=300%2C224&amp;ssl=1 300w\" sizes=\"auto, (max-width: 500px) 100vw, 500px\" \/><\/a> <a href=\"https:\/\/i0.wp.com\/www.valkeaunelma.fi\/valk_www\/wp-content\/uploads\/2015\/03\/IMG_5902.jpg?ssl=1\"><img data-recalc-dims=\"1\" loading=\"lazy\" decoding=\"async\" class=\"alignnone size-large wp-image-154\" src=\"https:\/\/i0.wp.com\/www.valkeaunelma.fi\/valk_www\/wp-content\/uploads\/2015\/03\/IMG_5902.jpg?resize=500%2C374&#038;ssl=1\" alt=\"IMG_5902\" width=\"500\" height=\"374\" srcset=\"https:\/\/i0.wp.com\/www.valkeaunelma.fi\/valk_www\/wp-content\/uploads\/2015\/03\/IMG_5902.jpg?w=500&amp;ssl=1 500w, https:\/\/i0.wp.com\/www.valkeaunelma.fi\/valk_www\/wp-content\/uploads\/2015\/03\/IMG_5902.jpg?resize=300%2C224&amp;ssl=1 300w\" sizes=\"auto, (max-width: 500px) 100vw, 500px\" \/><\/a> <a href=\"https:\/\/i0.wp.com\/www.valkeaunelma.fi\/valk_www\/wp-content\/uploads\/2015\/03\/IMG_5945.jpg?ssl=1\"><img data-recalc-dims=\"1\" loading=\"lazy\" decoding=\"async\" class=\"alignnone size-large wp-image-155\" src=\"https:\/\/i0.wp.com\/www.valkeaunelma.fi\/valk_www\/wp-content\/uploads\/2015\/03\/IMG_5945.jpg?resize=374%2C500&#038;ssl=1\" alt=\"IMG_5945\" width=\"374\" height=\"500\" srcset=\"https:\/\/i0.wp.com\/www.valkeaunelma.fi\/valk_www\/wp-content\/uploads\/2015\/03\/IMG_5945.jpg?w=374&amp;ssl=1 374w, https:\/\/i0.wp.com\/www.valkeaunelma.fi\/valk_www\/wp-content\/uploads\/2015\/03\/IMG_5945.jpg?resize=224%2C300&amp;ssl=1 224w\" sizes=\"auto, (max-width: 374px) 100vw, 374px\" \/><\/a><br \/>\nSein\u00e4ll\u00e4 on \u00e4itini tekem\u00e4 raanu, Onnenpolku. Pirte\u00e4\u00e4 punaista; raanu, takka ja kattolamppu.<br \/>\n<a href=\"https:\/\/i0.wp.com\/www.valkeaunelma.fi\/valk_www\/wp-content\/uploads\/2015\/03\/IMG_5901.jpg?ssl=1\"><img data-recalc-dims=\"1\" loading=\"lazy\" decoding=\"async\" class=\"alignnone size-large wp-image-156\" src=\"https:\/\/i0.wp.com\/www.valkeaunelma.fi\/valk_www\/wp-content\/uploads\/2015\/03\/IMG_5901.jpg?resize=500%2C374&#038;ssl=1\" alt=\"IMG_5901\" width=\"500\" height=\"374\" srcset=\"https:\/\/i0.wp.com\/www.valkeaunelma.fi\/valk_www\/wp-content\/uploads\/2015\/03\/IMG_5901.jpg?w=500&amp;ssl=1 500w, https:\/\/i0.wp.com\/www.valkeaunelma.fi\/valk_www\/wp-content\/uploads\/2015\/03\/IMG_5901.jpg?resize=300%2C224&amp;ssl=1 300w\" sizes=\"auto, (max-width: 500px) 100vw, 500px\" \/><\/a><br \/>\nSaunan eteinen. Katto paneloitu sek\u00e4 sein\u00e4t ja katto valkaistu.<br \/>\n<a href=\"https:\/\/i0.wp.com\/www.valkeaunelma.fi\/valk_www\/wp-content\/uploads\/2015\/03\/Mokki_saunan_eteinen.jpg?ssl=1\"><img data-recalc-dims=\"1\" loading=\"lazy\" decoding=\"async\" class=\"alignnone size-large wp-image-157\" src=\"https:\/\/i0.wp.com\/www.valkeaunelma.fi\/valk_www\/wp-content\/uploads\/2015\/03\/Mokki_saunan_eteinen.jpg?resize=375%2C500&#038;ssl=1\" alt=\"Mokki_saunan_eteinen\" width=\"375\" height=\"500\" srcset=\"https:\/\/i0.wp.com\/www.valkeaunelma.fi\/valk_www\/wp-content\/uploads\/2015\/03\/Mokki_saunan_eteinen.jpg?w=375&amp;ssl=1 375w, https:\/\/i0.wp.com\/www.valkeaunelma.fi\/valk_www\/wp-content\/uploads\/2015\/03\/Mokki_saunan_eteinen.jpg?resize=225%2C300&amp;ssl=1 225w\" sizes=\"auto, (max-width: 375px) 100vw, 375px\" \/><\/a> <a href=\"https:\/\/i0.wp.com\/www.valkeaunelma.fi\/valk_www\/wp-content\/uploads\/2015\/03\/Mokki_saunan_eteinen_2.jpg?ssl=1\"><img data-recalc-dims=\"1\" loading=\"lazy\" decoding=\"async\" class=\"alignnone size-large wp-image-158\" src=\"https:\/\/i0.wp.com\/www.valkeaunelma.fi\/valk_www\/wp-content\/uploads\/2015\/03\/Mokki_saunan_eteinen_2.jpg?resize=500%2C375&#038;ssl=1\" alt=\"Mokki_saunan_eteinen_2\" width=\"500\" height=\"375\" srcset=\"https:\/\/i0.wp.com\/www.valkeaunelma.fi\/valk_www\/wp-content\/uploads\/2015\/03\/Mokki_saunan_eteinen_2.jpg?w=500&amp;ssl=1 500w, https:\/\/i0.wp.com\/www.valkeaunelma.fi\/valk_www\/wp-content\/uploads\/2015\/03\/Mokki_saunan_eteinen_2.jpg?resize=300%2C225&amp;ssl=1 300w\" sizes=\"auto, (max-width: 500px) 100vw, 500px\" \/><br \/>\n<\/a>2012<br \/>\nUlkohuussi. T\u00e4m\u00e4 meni k\u00e4yt\u00e4nn\u00f6ss\u00e4 kokonaan uusiksi. Uudet paneelit ja maalaus sek\u00e4 uusi kuivikek\u00e4ym\u00e4l\u00e4. Paneelit maalasin vaalealla ja lattian ja portaat harmaalla lattiamaalilla.<br \/>\n<a href=\"https:\/\/i0.wp.com\/www.valkeaunelma.fi\/valk_www\/wp-content\/uploads\/2015\/03\/IMG_6025.jpg?ssl=1\"><img data-recalc-dims=\"1\" loading=\"lazy\" decoding=\"async\" class=\"alignnone size-large wp-image-159\" src=\"https:\/\/i0.wp.com\/www.valkeaunelma.fi\/valk_www\/wp-content\/uploads\/2015\/03\/IMG_6025.jpg?resize=374%2C500&#038;ssl=1\" alt=\"IMG_6025\" width=\"374\" height=\"500\" srcset=\"https:\/\/i0.wp.com\/www.valkeaunelma.fi\/valk_www\/wp-content\/uploads\/2015\/03\/IMG_6025.jpg?w=374&amp;ssl=1 374w, https:\/\/i0.wp.com\/www.valkeaunelma.fi\/valk_www\/wp-content\/uploads\/2015\/03\/IMG_6025.jpg?resize=224%2C300&amp;ssl=1 224w\" sizes=\"auto, (max-width: 374px) 100vw, 374px\" \/><\/a> <a href=\"https:\/\/i0.wp.com\/www.valkeaunelma.fi\/valk_www\/wp-content\/uploads\/2015\/03\/IMG_6022.jpg?ssl=1\"><img data-recalc-dims=\"1\" loading=\"lazy\" decoding=\"async\" class=\"alignnone size-large wp-image-160\" src=\"https:\/\/i0.wp.com\/www.valkeaunelma.fi\/valk_www\/wp-content\/uploads\/2015\/03\/IMG_6022.jpg?resize=374%2C500&#038;ssl=1\" alt=\"IMG_6022\" width=\"374\" height=\"500\" srcset=\"https:\/\/i0.wp.com\/www.valkeaunelma.fi\/valk_www\/wp-content\/uploads\/2015\/03\/IMG_6022.jpg?w=374&amp;ssl=1 374w, https:\/\/i0.wp.com\/www.valkeaunelma.fi\/valk_www\/wp-content\/uploads\/2015\/03\/IMG_6022.jpg?resize=224%2C300&amp;ssl=1 224w\" sizes=\"auto, (max-width: 374px) 100vw, 374px\" \/><br \/>\n<\/a>Mies rakensi ihanan pihaterassin. Aitaelementit l\u00f6ysin k\u00e4ytettyin\u00e4.<br \/>\n<a href=\"https:\/\/i0.wp.com\/www.valkeaunelma.fi\/valk_www\/wp-content\/uploads\/2015\/03\/IMG_6028.jpg?ssl=1\"><img data-recalc-dims=\"1\" loading=\"lazy\" decoding=\"async\" class=\"alignnone size-large wp-image-161\" src=\"https:\/\/i0.wp.com\/www.valkeaunelma.fi\/valk_www\/wp-content\/uploads\/2015\/03\/IMG_6028.jpg?resize=500%2C374&#038;ssl=1\" alt=\"IMG_6028\" width=\"500\" height=\"374\" srcset=\"https:\/\/i0.wp.com\/www.valkeaunelma.fi\/valk_www\/wp-content\/uploads\/2015\/03\/IMG_6028.jpg?w=500&amp;ssl=1 500w, https:\/\/i0.wp.com\/www.valkeaunelma.fi\/valk_www\/wp-content\/uploads\/2015\/03\/IMG_6028.jpg?resize=300%2C224&amp;ssl=1 300w\" sizes=\"auto, (max-width: 500px) 100vw, 500px\" \/><br \/>\n<\/a>\u00c4idin vanha keinu jatkaa t\u00e4\u00e4ll\u00e4 viel\u00e4 el\u00e4m\u00e4\u00e4ns\u00e4.<a href=\"https:\/\/i0.wp.com\/www.valkeaunelma.fi\/valk_www\/wp-content\/uploads\/2015\/03\/IMG_6015.jpg?ssl=1\"><img data-recalc-dims=\"1\" loading=\"lazy\" decoding=\"async\" class=\"alignnone size-large wp-image-162\" src=\"https:\/\/i0.wp.com\/www.valkeaunelma.fi\/valk_www\/wp-content\/uploads\/2015\/03\/IMG_6015.jpg?resize=500%2C374&#038;ssl=1\" alt=\"IMG_6015\" width=\"500\" height=\"374\" srcset=\"https:\/\/i0.wp.com\/www.valkeaunelma.fi\/valk_www\/wp-content\/uploads\/2015\/03\/IMG_6015.jpg?w=500&amp;ssl=1 500w, https:\/\/i0.wp.com\/www.valkeaunelma.fi\/valk_www\/wp-content\/uploads\/2015\/03\/IMG_6015.jpg?resize=300%2C224&amp;ssl=1 300w\" sizes=\"auto, (max-width: 500px) 100vw, 500px\" \/><\/a> <a href=\"https:\/\/i0.wp.com\/www.valkeaunelma.fi\/valk_www\/wp-content\/uploads\/2015\/03\/IMG_6014.jpg?ssl=1\"><img data-recalc-dims=\"1\" loading=\"lazy\" decoding=\"async\" class=\"alignnone size-large wp-image-163\" src=\"https:\/\/i0.wp.com\/www.valkeaunelma.fi\/valk_www\/wp-content\/uploads\/2015\/03\/IMG_6014.jpg?resize=500%2C374&#038;ssl=1\" alt=\"IMG_6014\" width=\"500\" height=\"374\" srcset=\"https:\/\/i0.wp.com\/www.valkeaunelma.fi\/valk_www\/wp-content\/uploads\/2015\/03\/IMG_6014.jpg?w=500&amp;ssl=1 500w, https:\/\/i0.wp.com\/www.valkeaunelma.fi\/valk_www\/wp-content\/uploads\/2015\/03\/IMG_6014.jpg?resize=300%2C224&amp;ssl=1 300w\" sizes=\"auto, (max-width: 500px) 100vw, 500px\" \/><\/a> <a href=\"https:\/\/i0.wp.com\/www.valkeaunelma.fi\/valk_www\/wp-content\/uploads\/2015\/03\/IMG_6037.jpg?ssl=1\"><img data-recalc-dims=\"1\" loading=\"lazy\" decoding=\"async\" class=\"alignnone size-large wp-image-164\" src=\"https:\/\/i0.wp.com\/www.valkeaunelma.fi\/valk_www\/wp-content\/uploads\/2015\/03\/IMG_6037.jpg?resize=500%2C374&#038;ssl=1\" alt=\"IMG_6037\" width=\"500\" height=\"374\" srcset=\"https:\/\/i0.wp.com\/www.valkeaunelma.fi\/valk_www\/wp-content\/uploads\/2015\/03\/IMG_6037.jpg?w=500&amp;ssl=1 500w, https:\/\/i0.wp.com\/www.valkeaunelma.fi\/valk_www\/wp-content\/uploads\/2015\/03\/IMG_6037.jpg?resize=300%2C224&amp;ssl=1 300w\" sizes=\"auto, (max-width: 500px) 100vw, 500px\" \/><\/a> <a href=\"https:\/\/i0.wp.com\/www.valkeaunelma.fi\/valk_www\/wp-content\/uploads\/2015\/03\/IMG_6040.jpg?ssl=1\"><img data-recalc-dims=\"1\" loading=\"lazy\" decoding=\"async\" class=\"alignnone size-large wp-image-165\" src=\"https:\/\/i0.wp.com\/www.valkeaunelma.fi\/valk_www\/wp-content\/uploads\/2015\/03\/IMG_6040.jpg?resize=374%2C500&#038;ssl=1\" alt=\"IMG_6040\" width=\"374\" height=\"500\" srcset=\"https:\/\/i0.wp.com\/www.valkeaunelma.fi\/valk_www\/wp-content\/uploads\/2015\/03\/IMG_6040.jpg?w=374&amp;ssl=1 374w, https:\/\/i0.wp.com\/www.valkeaunelma.fi\/valk_www\/wp-content\/uploads\/2015\/03\/IMG_6040.jpg?resize=224%2C300&amp;ssl=1 224w\" sizes=\"auto, (max-width: 374px) 100vw, 374px\" \/><br \/>\n<\/a>Aitaelementtej\u00e4 l\u00f6ysin my\u00f6s k\u00e4ytettyin\u00e4 ja ihan passelit t\u00e4nne m\u00f6kille.<a href=\"https:\/\/i0.wp.com\/www.valkeaunelma.fi\/valk_www\/wp-content\/uploads\/2015\/03\/IMG_5955.jpg?ssl=1\"><img data-recalc-dims=\"1\" loading=\"lazy\" decoding=\"async\" class=\"alignnone size-large wp-image-166\" src=\"https:\/\/i0.wp.com\/www.valkeaunelma.fi\/valk_www\/wp-content\/uploads\/2015\/03\/IMG_5955.jpg?resize=500%2C374&#038;ssl=1\" alt=\"IMG_5955\" width=\"500\" height=\"374\" srcset=\"https:\/\/i0.wp.com\/www.valkeaunelma.fi\/valk_www\/wp-content\/uploads\/2015\/03\/IMG_5955.jpg?w=500&amp;ssl=1 500w, https:\/\/i0.wp.com\/www.valkeaunelma.fi\/valk_www\/wp-content\/uploads\/2015\/03\/IMG_5955.jpg?resize=300%2C224&amp;ssl=1 300w\" sizes=\"auto, (max-width: 500px) 100vw, 500px\" \/><br \/>\n<\/a><a href=\"https:\/\/i0.wp.com\/www.valkeaunelma.fi\/valk_www\/wp-content\/uploads\/2015\/03\/IMG_6038.jpg?ssl=1\"><img data-recalc-dims=\"1\" loading=\"lazy\" decoding=\"async\" class=\"alignnone size-large wp-image-167\" src=\"https:\/\/i0.wp.com\/www.valkeaunelma.fi\/valk_www\/wp-content\/uploads\/2015\/03\/IMG_6038.jpg?resize=374%2C500&#038;ssl=1\" alt=\"IMG_6038\" width=\"374\" height=\"500\" srcset=\"https:\/\/i0.wp.com\/www.valkeaunelma.fi\/valk_www\/wp-content\/uploads\/2015\/03\/IMG_6038.jpg?w=374&amp;ssl=1 374w, https:\/\/i0.wp.com\/www.valkeaunelma.fi\/valk_www\/wp-content\/uploads\/2015\/03\/IMG_6038.jpg?resize=224%2C300&amp;ssl=1 224w\" sizes=\"auto, (max-width: 374px) 100vw, 374px\" \/><\/a> <a href=\"https:\/\/i0.wp.com\/www.valkeaunelma.fi\/valk_www\/wp-content\/uploads\/2015\/03\/IMG_6044.jpg?ssl=1\"><img data-recalc-dims=\"1\" loading=\"lazy\" decoding=\"async\" class=\"alignnone size-large wp-image-168\" src=\"https:\/\/i0.wp.com\/www.valkeaunelma.fi\/valk_www\/wp-content\/uploads\/2015\/03\/IMG_6044.jpg?resize=500%2C374&#038;ssl=1\" alt=\"IMG_6044\" width=\"500\" height=\"374\" srcset=\"https:\/\/i0.wp.com\/www.valkeaunelma.fi\/valk_www\/wp-content\/uploads\/2015\/03\/IMG_6044.jpg?w=500&amp;ssl=1 500w, https:\/\/i0.wp.com\/www.valkeaunelma.fi\/valk_www\/wp-content\/uploads\/2015\/03\/IMG_6044.jpg?resize=300%2C224&amp;ssl=1 300w\" sizes=\"auto, (max-width: 500px) 100vw, 500px\" \/><br \/>\n<\/a>M\u00f6kin vanhojen nojatuolien mekkojen ompelu&#8230;<a href=\"https:\/\/i0.wp.com\/www.valkeaunelma.fi\/valk_www\/wp-content\/uploads\/2015\/03\/Nojatuolin_uusi__4e92e85c3f9d6.jpg?ssl=1\"><img data-recalc-dims=\"1\" loading=\"lazy\" decoding=\"async\" class=\"alignnone size-large wp-image-169\" src=\"https:\/\/i0.wp.com\/www.valkeaunelma.fi\/valk_www\/wp-content\/uploads\/2015\/03\/Nojatuolin_uusi__4e92e85c3f9d6.jpg?resize=604%2C805&#038;ssl=1\" alt=\"Nojatuolin_uusi__4e92e85c3f9d6\" width=\"604\" height=\"805\" srcset=\"https:\/\/i0.wp.com\/www.valkeaunelma.fi\/valk_www\/wp-content\/uploads\/2015\/03\/Nojatuolin_uusi__4e92e85c3f9d6.jpg?resize=768%2C1024&amp;ssl=1 768w, https:\/\/i0.wp.com\/www.valkeaunelma.fi\/valk_www\/wp-content\/uploads\/2015\/03\/Nojatuolin_uusi__4e92e85c3f9d6.jpg?resize=225%2C300&amp;ssl=1 225w, https:\/\/i0.wp.com\/www.valkeaunelma.fi\/valk_www\/wp-content\/uploads\/2015\/03\/Nojatuolin_uusi__4e92e85c3f9d6.jpg?w=975&amp;ssl=1 975w\" sizes=\"auto, (max-width: 604px) 100vw, 604px\" \/><\/a> <a href=\"https:\/\/i0.wp.com\/www.valkeaunelma.fi\/valk_www\/wp-content\/uploads\/2015\/03\/IMG_5846.jpg?ssl=1\"><img data-recalc-dims=\"1\" loading=\"lazy\" decoding=\"async\" class=\"alignnone size-large wp-image-170\" src=\"https:\/\/i0.wp.com\/www.valkeaunelma.fi\/valk_www\/wp-content\/uploads\/2015\/03\/IMG_5846.jpg?resize=375%2C500&#038;ssl=1\" alt=\"IMG_5846\" width=\"375\" height=\"500\" srcset=\"https:\/\/i0.wp.com\/www.valkeaunelma.fi\/valk_www\/wp-content\/uploads\/2015\/03\/IMG_5846.jpg?w=375&amp;ssl=1 375w, https:\/\/i0.wp.com\/www.valkeaunelma.fi\/valk_www\/wp-content\/uploads\/2015\/03\/IMG_5846.jpg?resize=225%2C300&amp;ssl=1 225w\" sizes=\"auto, (max-width: 375px) 100vw, 375px\" \/><\/a> <a href=\"https:\/\/i0.wp.com\/www.valkeaunelma.fi\/valk_www\/wp-content\/uploads\/2015\/03\/IMG_5847.jpg?ssl=1\"><img data-recalc-dims=\"1\" loading=\"lazy\" decoding=\"async\" class=\"alignnone size-large wp-image-171\" src=\"https:\/\/i0.wp.com\/www.valkeaunelma.fi\/valk_www\/wp-content\/uploads\/2015\/03\/IMG_5847.jpg?resize=375%2C500&#038;ssl=1\" alt=\"IMG_5847\" width=\"375\" height=\"500\" srcset=\"https:\/\/i0.wp.com\/www.valkeaunelma.fi\/valk_www\/wp-content\/uploads\/2015\/03\/IMG_5847.jpg?w=375&amp;ssl=1 375w, https:\/\/i0.wp.com\/www.valkeaunelma.fi\/valk_www\/wp-content\/uploads\/2015\/03\/IMG_5847.jpg?resize=225%2C300&amp;ssl=1 225w\" sizes=\"auto, (max-width: 375px) 100vw, 375px\" \/><\/a> <a href=\"https:\/\/i0.wp.com\/www.valkeaunelma.fi\/valk_www\/wp-content\/uploads\/2015\/03\/IMG_5858.jpg?ssl=1\"><img data-recalc-dims=\"1\" loading=\"lazy\" decoding=\"async\" class=\"alignnone size-large wp-image-172\" src=\"https:\/\/i0.wp.com\/www.valkeaunelma.fi\/valk_www\/wp-content\/uploads\/2015\/03\/IMG_5858.jpg?resize=375%2C500&#038;ssl=1\" alt=\"IMG_5858\" width=\"375\" height=\"500\" srcset=\"https:\/\/i0.wp.com\/www.valkeaunelma.fi\/valk_www\/wp-content\/uploads\/2015\/03\/IMG_5858.jpg?w=375&amp;ssl=1 375w, https:\/\/i0.wp.com\/www.valkeaunelma.fi\/valk_www\/wp-content\/uploads\/2015\/03\/IMG_5858.jpg?resize=225%2C300&amp;ssl=1 225w\" sizes=\"auto, (max-width: 375px) 100vw, 375px\" \/><\/a> <a href=\"https:\/\/i0.wp.com\/www.valkeaunelma.fi\/valk_www\/wp-content\/uploads\/2015\/03\/IMG_5863.jpg?ssl=1\"><img data-recalc-dims=\"1\" loading=\"lazy\" decoding=\"async\" class=\"alignnone size-large wp-image-173\" src=\"https:\/\/i0.wp.com\/www.valkeaunelma.fi\/valk_www\/wp-content\/uploads\/2015\/03\/IMG_5863.jpg?resize=500%2C374&#038;ssl=1\" alt=\"IMG_5863\" width=\"500\" height=\"374\" srcset=\"https:\/\/i0.wp.com\/www.valkeaunelma.fi\/valk_www\/wp-content\/uploads\/2015\/03\/IMG_5863.jpg?w=500&amp;ssl=1 500w, https:\/\/i0.wp.com\/www.valkeaunelma.fi\/valk_www\/wp-content\/uploads\/2015\/03\/IMG_5863.jpg?resize=300%2C224&amp;ssl=1 300w\" sizes=\"auto, (max-width: 500px) 100vw, 500px\" \/><\/a> <a href=\"https:\/\/i0.wp.com\/www.valkeaunelma.fi\/valk_www\/wp-content\/uploads\/2015\/03\/IMG_6042.jpg?ssl=1\"><img data-recalc-dims=\"1\" loading=\"lazy\" decoding=\"async\" class=\"alignnone size-large wp-image-174\" src=\"https:\/\/i0.wp.com\/www.valkeaunelma.fi\/valk_www\/wp-content\/uploads\/2015\/03\/IMG_6042.jpg?resize=500%2C374&#038;ssl=1\" alt=\"IMG_6042\" width=\"500\" height=\"374\" srcset=\"https:\/\/i0.wp.com\/www.valkeaunelma.fi\/valk_www\/wp-content\/uploads\/2015\/03\/IMG_6042.jpg?w=500&amp;ssl=1 500w, https:\/\/i0.wp.com\/www.valkeaunelma.fi\/valk_www\/wp-content\/uploads\/2015\/03\/IMG_6042.jpg?resize=300%2C224&amp;ssl=1 300w\" sizes=\"auto, (max-width: 500px) 100vw, 500px\" \/><br \/>\n<\/a>8\/2013<br \/>\nKuvia pihalta sek\u00e4 sis\u00e4lt\u00e4&#8230; Niin se t\u00e4m\u00e4kin kes\u00e4 vain vier\u00e4hti&#8230;<br \/>\n<a href=\"https:\/\/i0.wp.com\/www.valkeaunelma.fi\/valk_www\/wp-content\/uploads\/2015\/03\/Mokki_edesta.jpg?ssl=1\"><img data-recalc-dims=\"1\" loading=\"lazy\" decoding=\"async\" class=\"alignnone size-large wp-image-175\" src=\"https:\/\/i0.wp.com\/www.valkeaunelma.fi\/valk_www\/wp-content\/uploads\/2015\/03\/Mokki_edesta.jpg?resize=500%2C375&#038;ssl=1\" alt=\"Mokki_edesta\" width=\"500\" height=\"375\" srcset=\"https:\/\/i0.wp.com\/www.valkeaunelma.fi\/valk_www\/wp-content\/uploads\/2015\/03\/Mokki_edesta.jpg?w=500&amp;ssl=1 500w, https:\/\/i0.wp.com\/www.valkeaunelma.fi\/valk_www\/wp-content\/uploads\/2015\/03\/Mokki_edesta.jpg?resize=300%2C225&amp;ssl=1 300w\" sizes=\"auto, (max-width: 500px) 100vw, 500px\" \/><\/a> <a href=\"https:\/\/i0.wp.com\/www.valkeaunelma.fi\/valk_www\/wp-content\/uploads\/2015\/03\/Mokki_ja_sauna.jpg?ssl=1\"><img data-recalc-dims=\"1\" loading=\"lazy\" decoding=\"async\" class=\"alignnone size-large wp-image-176\" src=\"https:\/\/i0.wp.com\/www.valkeaunelma.fi\/valk_www\/wp-content\/uploads\/2015\/03\/Mokki_ja_sauna.jpg?resize=500%2C375&#038;ssl=1\" alt=\"Mokki_ja_sauna\" width=\"500\" height=\"375\" srcset=\"https:\/\/i0.wp.com\/www.valkeaunelma.fi\/valk_www\/wp-content\/uploads\/2015\/03\/Mokki_ja_sauna.jpg?w=500&amp;ssl=1 500w, https:\/\/i0.wp.com\/www.valkeaunelma.fi\/valk_www\/wp-content\/uploads\/2015\/03\/Mokki_ja_sauna.jpg?resize=300%2C225&amp;ssl=1 300w\" sizes=\"auto, (max-width: 500px) 100vw, 500px\" \/><\/a> <a href=\"https:\/\/i0.wp.com\/www.valkeaunelma.fi\/valk_www\/wp-content\/uploads\/2015\/03\/Terassi_ja_varasto.jpg?ssl=1\"><img data-recalc-dims=\"1\" loading=\"lazy\" decoding=\"async\" class=\"alignnone size-large wp-image-177\" src=\"https:\/\/i0.wp.com\/www.valkeaunelma.fi\/valk_www\/wp-content\/uploads\/2015\/03\/Terassi_ja_varasto.jpg?resize=500%2C375&#038;ssl=1\" alt=\"Terassi_ja_varasto\" width=\"500\" height=\"375\" srcset=\"https:\/\/i0.wp.com\/www.valkeaunelma.fi\/valk_www\/wp-content\/uploads\/2015\/03\/Terassi_ja_varasto.jpg?w=500&amp;ssl=1 500w, https:\/\/i0.wp.com\/www.valkeaunelma.fi\/valk_www\/wp-content\/uploads\/2015\/03\/Terassi_ja_varasto.jpg?resize=300%2C225&amp;ssl=1 300w\" sizes=\"auto, (max-width: 500px) 100vw, 500px\" \/><\/a> <a href=\"https:\/\/i0.wp.com\/www.valkeaunelma.fi\/valk_www\/wp-content\/uploads\/2015\/03\/Mokki_portilta.jpg?ssl=1\"><img data-recalc-dims=\"1\" loading=\"lazy\" decoding=\"async\" class=\"alignnone size-large wp-image-178\" src=\"https:\/\/i0.wp.com\/www.valkeaunelma.fi\/valk_www\/wp-content\/uploads\/2015\/03\/Mokki_portilta.jpg?resize=500%2C375&#038;ssl=1\" alt=\"Mokki_portilta\" width=\"500\" height=\"375\" srcset=\"https:\/\/i0.wp.com\/www.valkeaunelma.fi\/valk_www\/wp-content\/uploads\/2015\/03\/Mokki_portilta.jpg?w=500&amp;ssl=1 500w, https:\/\/i0.wp.com\/www.valkeaunelma.fi\/valk_www\/wp-content\/uploads\/2015\/03\/Mokki_portilta.jpg?resize=300%2C225&amp;ssl=1 300w\" sizes=\"auto, (max-width: 500px) 100vw, 500px\" \/><\/a> <a href=\"https:\/\/i0.wp.com\/www.valkeaunelma.fi\/valk_www\/wp-content\/uploads\/2015\/03\/Mokki_olohuone.jpg?ssl=1\"><img data-recalc-dims=\"1\" loading=\"lazy\" decoding=\"async\" class=\"alignnone size-large wp-image-179\" src=\"https:\/\/i0.wp.com\/www.valkeaunelma.fi\/valk_www\/wp-content\/uploads\/2015\/03\/Mokki_olohuone.jpg?resize=375%2C500&#038;ssl=1\" alt=\"Mokki_olohuone\" width=\"375\" height=\"500\" srcset=\"https:\/\/i0.wp.com\/www.valkeaunelma.fi\/valk_www\/wp-content\/uploads\/2015\/03\/Mokki_olohuone.jpg?w=375&amp;ssl=1 375w, https:\/\/i0.wp.com\/www.valkeaunelma.fi\/valk_www\/wp-content\/uploads\/2015\/03\/Mokki_olohuone.jpg?resize=225%2C300&amp;ssl=1 225w\" sizes=\"auto, (max-width: 375px) 100vw, 375px\" \/><\/a> <a href=\"https:\/\/i0.wp.com\/www.valkeaunelma.fi\/valk_www\/wp-content\/uploads\/2015\/03\/Mokki_OH_poyta_ja_tuolit.jpg?ssl=1\"><img data-recalc-dims=\"1\" loading=\"lazy\" decoding=\"async\" class=\"alignnone size-large wp-image-180\" src=\"https:\/\/i0.wp.com\/www.valkeaunelma.fi\/valk_www\/wp-content\/uploads\/2015\/03\/Mokki_OH_poyta_ja_tuolit.jpg?resize=500%2C375&#038;ssl=1\" alt=\"Mokki_OH_poyta_ja_tuolit\" width=\"500\" height=\"375\" srcset=\"https:\/\/i0.wp.com\/www.valkeaunelma.fi\/valk_www\/wp-content\/uploads\/2015\/03\/Mokki_OH_poyta_ja_tuolit.jpg?w=500&amp;ssl=1 500w, https:\/\/i0.wp.com\/www.valkeaunelma.fi\/valk_www\/wp-content\/uploads\/2015\/03\/Mokki_OH_poyta_ja_tuolit.jpg?resize=300%2C225&amp;ssl=1 300w\" sizes=\"auto, (max-width: 500px) 100vw, 500px\" \/><\/a> <a href=\"https:\/\/i0.wp.com\/www.valkeaunelma.fi\/valk_www\/wp-content\/uploads\/2015\/03\/Mokki_OH_poyta.jpg?ssl=1\"><img data-recalc-dims=\"1\" loading=\"lazy\" decoding=\"async\" class=\"alignnone size-large wp-image-181\" src=\"https:\/\/i0.wp.com\/www.valkeaunelma.fi\/valk_www\/wp-content\/uploads\/2015\/03\/Mokki_OH_poyta.jpg?resize=500%2C375&#038;ssl=1\" alt=\"Mokki_OH_poyta\" width=\"500\" height=\"375\" srcset=\"https:\/\/i0.wp.com\/www.valkeaunelma.fi\/valk_www\/wp-content\/uploads\/2015\/03\/Mokki_OH_poyta.jpg?w=500&amp;ssl=1 500w, https:\/\/i0.wp.com\/www.valkeaunelma.fi\/valk_www\/wp-content\/uploads\/2015\/03\/Mokki_OH_poyta.jpg?resize=300%2C225&amp;ssl=1 300w\" sizes=\"auto, (max-width: 500px) 100vw, 500px\" \/><\/a> <a href=\"https:\/\/i0.wp.com\/www.valkeaunelma.fi\/valk_www\/wp-content\/uploads\/2015\/03\/Mokki_olohuone_2.jpg?ssl=1\"><img data-recalc-dims=\"1\" loading=\"lazy\" decoding=\"async\" class=\"alignnone size-large wp-image-182\" src=\"https:\/\/i0.wp.com\/www.valkeaunelma.fi\/valk_www\/wp-content\/uploads\/2015\/03\/Mokki_olohuone_2.jpg?resize=500%2C375&#038;ssl=1\" alt=\"Mokki_olohuone_2\" width=\"500\" height=\"375\" srcset=\"https:\/\/i0.wp.com\/www.valkeaunelma.fi\/valk_www\/wp-content\/uploads\/2015\/03\/Mokki_olohuone_2.jpg?w=500&amp;ssl=1 500w, https:\/\/i0.wp.com\/www.valkeaunelma.fi\/valk_www\/wp-content\/uploads\/2015\/03\/Mokki_olohuone_2.jpg?resize=300%2C225&amp;ssl=1 300w\" sizes=\"auto, (max-width: 500px) 100vw, 500px\" \/><\/a> <a href=\"https:\/\/i0.wp.com\/www.valkeaunelma.fi\/valk_www\/wp-content\/uploads\/2015\/03\/Mokki_olohuone_3.jpg?ssl=1\"><img data-recalc-dims=\"1\" loading=\"lazy\" decoding=\"async\" class=\"alignnone size-large wp-image-183\" src=\"https:\/\/i0.wp.com\/www.valkeaunelma.fi\/valk_www\/wp-content\/uploads\/2015\/03\/Mokki_olohuone_3.jpg?resize=375%2C500&#038;ssl=1\" alt=\"Mokki_olohuone_3\" width=\"375\" height=\"500\" srcset=\"https:\/\/i0.wp.com\/www.valkeaunelma.fi\/valk_www\/wp-content\/uploads\/2015\/03\/Mokki_olohuone_3.jpg?w=375&amp;ssl=1 375w, https:\/\/i0.wp.com\/www.valkeaunelma.fi\/valk_www\/wp-content\/uploads\/2015\/03\/Mokki_olohuone_3.jpg?resize=225%2C300&amp;ssl=1 225w\" sizes=\"auto, (max-width: 375px) 100vw, 375px\" \/><\/a> <a href=\"https:\/\/i0.wp.com\/www.valkeaunelma.fi\/valk_www\/wp-content\/uploads\/2015\/03\/Mokki_ulkoportaat.jpg?ssl=1\"><img data-recalc-dims=\"1\" loading=\"lazy\" decoding=\"async\" class=\"alignnone size-large wp-image-184\" src=\"https:\/\/i0.wp.com\/www.valkeaunelma.fi\/valk_www\/wp-content\/uploads\/2015\/03\/Mokki_ulkoportaat.jpg?resize=500%2C375&#038;ssl=1\" alt=\"Mokki_ulkoportaat\" width=\"500\" height=\"375\" srcset=\"https:\/\/i0.wp.com\/www.valkeaunelma.fi\/valk_www\/wp-content\/uploads\/2015\/03\/Mokki_ulkoportaat.jpg?w=500&amp;ssl=1 500w, https:\/\/i0.wp.com\/www.valkeaunelma.fi\/valk_www\/wp-content\/uploads\/2015\/03\/Mokki_ulkoportaat.jpg?resize=300%2C225&amp;ssl=1 300w\" sizes=\"auto, (max-width: 500px) 100vw, 500px\" \/><\/a> <a href=\"https:\/\/i0.wp.com\/www.valkeaunelma.fi\/valk_www\/wp-content\/uploads\/2015\/03\/Mokki_pihamaata.jpg?ssl=1\"><img data-recalc-dims=\"1\" loading=\"lazy\" decoding=\"async\" class=\"alignnone size-large wp-image-185\" src=\"https:\/\/i0.wp.com\/www.valkeaunelma.fi\/valk_www\/wp-content\/uploads\/2015\/03\/Mokki_pihamaata.jpg?resize=500%2C375&#038;ssl=1\" alt=\"Mokki_pihamaata\" width=\"500\" height=\"375\" srcset=\"https:\/\/i0.wp.com\/www.valkeaunelma.fi\/valk_www\/wp-content\/uploads\/2015\/03\/Mokki_pihamaata.jpg?w=500&amp;ssl=1 500w, https:\/\/i0.wp.com\/www.valkeaunelma.fi\/valk_www\/wp-content\/uploads\/2015\/03\/Mokki_pihamaata.jpg?resize=300%2C225&amp;ssl=1 300w\" sizes=\"auto, (max-width: 500px) 100vw, 500px\" \/><\/a><\/p>\n<p>&nbsp;<\/p>\n","protected":false},"excerpt":{"rendered":"<p>4\/2015<\/p>\n","protected":false},"author":3,"featured_media":0,"comment_status":"closed","ping_status":"closed","sticky":false,"template":"","format":"standard","meta":{"ngg_post_thumbnail":0,"_jetpack_memberships_contains_paid_content":false,"footnotes":""},"categories":[12],"tags":[],"class_list":["post-127","post","type-post","status-publish","format-standard","hentry","category-sylvin-mokki"],"jetpack_featured_media_url":"","jetpack_sharing_enabled":true,"_links":{"self":[{"href":"https:\/\/www.valkeaunelma.fi\/valk_www\/index.php?rest_route=\/wp\/v2\/posts\/127","targetHints":{"allow":["GET"]}}],"collection":[{"href":"https:\/\/www.valkeaunelma.fi\/valk_www\/index.php?rest_route=\/wp\/v2\/posts"}],"about":[{"href":"https:\/\/www.valkeaunelma.fi\/valk_www\/index.php?rest_route=\/wp\/v2\/types\/post"}],"author":[{"embeddable":true,"href":"https:\/\/www.valkeaunelma.fi\/valk_www\/index.php?rest_route=\/wp\/v2\/users\/3"}],"replies":[{"embeddable":true,"href":"https:\/\/www.valkeaunelma.fi\/valk_www\/index.php?rest_route=%2Fwp%2Fv2%2Fcomments&post=127"}],"version-history":[{"count":4,"href":"https:\/\/www.valkeaunelma.fi\/valk_www\/index.php?rest_route=\/wp\/v2\/posts\/127\/revisions"}],"predecessor-version":[{"id":1658,"href":"https:\/\/www.valkeaunelma.fi\/valk_www\/index.php?rest_route=\/wp\/v2\/posts\/127\/revisions\/1658"}],"wp:attachment":[{"href":"https:\/\/www.valkeaunelma.fi\/valk_www\/index.php?rest_route=%2Fwp%2Fv2%2Fmedia&parent=127"}],"wp:term":[{"taxonomy":"category","embeddable":true,"href":"https:\/\/www.valkeaunelma.fi\/valk_www\/index.php?rest_route=%2Fwp%2Fv2%2Fcategories&post=127"},{"taxonomy":"post_tag","embeddable":true,"href":"https:\/\/www.valkeaunelma.fi\/valk_www\/index.php?rest_route=%2Fwp%2Fv2%2Ftags&post=127"}],"curies":[{"name":"wp","href":"https:\/\/api.w.org\/{rel}","templated":true}]}}