{"id":225,"date":"2013-08-24T15:05:13","date_gmt":"2013-08-24T15:05:13","guid":{"rendered":"http:\/\/31.217.196.205\/~mrqxsqrz\/valk_www\/?p=225"},"modified":"2022-09-20T16:59:58","modified_gmt":"2022-09-20T16:59:58","slug":"pihavajan-paivitys","status":"publish","type":"post","link":"https:\/\/www.valkeaunelma.fi\/valk_www\/?p=225","title":{"rendered":"Pihavajan p\u00e4ivitys"},"content":{"rendered":"<p><a href=\"https:\/\/i0.wp.com\/www.valkeaunelma.fi\/valk_www\/wp-content\/uploads\/2015\/03\/Varasto_vanha.jpg?ssl=1\"><img data-recalc-dims=\"1\" loading=\"lazy\" decoding=\"async\" class=\"alignnone size-full wp-image-226\" src=\"https:\/\/i0.wp.com\/www.valkeaunelma.fi\/valk_www\/wp-content\/uploads\/2015\/03\/Varasto_vanha.jpg?resize=500%2C375&#038;ssl=1\" alt=\"Varasto_vanha\" width=\"500\" height=\"375\" srcset=\"https:\/\/i0.wp.com\/www.valkeaunelma.fi\/valk_www\/wp-content\/uploads\/2015\/03\/Varasto_vanha.jpg?w=500&amp;ssl=1 500w, https:\/\/i0.wp.com\/www.valkeaunelma.fi\/valk_www\/wp-content\/uploads\/2015\/03\/Varasto_vanha.jpg?resize=300%2C225&amp;ssl=1 300w\" sizes=\"auto, (max-width: 500px) 100vw, 500px\" \/><br \/>\n<\/a>8\/2013<br \/>\nMeid\u00e4n pihavaja &#8221;vanhus&#8221; on viel\u00e4 alkuper\u00e4isess\u00e4 maalissaan ja oli jo aika p\u00e4ivitt\u00e4\u00e4 t\u00e4m\u00e4nkin ilme t\u00e4h\u00e4n p\u00e4iv\u00e4\u00e4n. Vanhan irtomaalin harjaus ja uusi kaunis maali pintaan. Pari p\u00e4iv\u00e4\u00e4 t\u00e4ss\u00e4 projektissa vier\u00e4hti kun vauhtiin p\u00e4\u00e4si. Nyt tytt\u00e4ren leikkim\u00f6kki ja t\u00e4m\u00e4 pihavaja ovat kuin &#8221;kaksi marjaa&#8221; vierekk\u00e4in.<\/p>\n<p><!--more--><\/p>\n<p><a href=\"https:\/\/i0.wp.com\/www.valkeaunelma.fi\/valk_www\/wp-content\/uploads\/2015\/03\/Varasto_maalattuna.jpg?ssl=1\"><img data-recalc-dims=\"1\" loading=\"lazy\" decoding=\"async\" class=\"alignnone size-large wp-image-227\" src=\"https:\/\/i0.wp.com\/www.valkeaunelma.fi\/valk_www\/wp-content\/uploads\/2015\/03\/Varasto_maalattuna.jpg?resize=500%2C375&#038;ssl=1\" alt=\"Varasto_maalattuna\" width=\"500\" height=\"375\" srcset=\"https:\/\/i0.wp.com\/www.valkeaunelma.fi\/valk_www\/wp-content\/uploads\/2015\/03\/Varasto_maalattuna.jpg?w=500&amp;ssl=1 500w, https:\/\/i0.wp.com\/www.valkeaunelma.fi\/valk_www\/wp-content\/uploads\/2015\/03\/Varasto_maalattuna.jpg?resize=300%2C225&amp;ssl=1 300w\" sizes=\"auto, (max-width: 500px) 100vw, 500px\" \/><\/a> <a href=\"https:\/\/i0.wp.com\/www.valkeaunelma.fi\/valk_www\/wp-content\/uploads\/2015\/03\/Varasto_maalattuna_2.jpg?ssl=1\"><img data-recalc-dims=\"1\" loading=\"lazy\" decoding=\"async\" class=\"alignnone size-large wp-image-228\" src=\"https:\/\/i0.wp.com\/www.valkeaunelma.fi\/valk_www\/wp-content\/uploads\/2015\/03\/Varasto_maalattuna_2.jpg?resize=500%2C375&#038;ssl=1\" alt=\"Varasto_maalattuna_2\" width=\"500\" height=\"375\" srcset=\"https:\/\/i0.wp.com\/www.valkeaunelma.fi\/valk_www\/wp-content\/uploads\/2015\/03\/Varasto_maalattuna_2.jpg?w=500&amp;ssl=1 500w, https:\/\/i0.wp.com\/www.valkeaunelma.fi\/valk_www\/wp-content\/uploads\/2015\/03\/Varasto_maalattuna_2.jpg?resize=300%2C225&amp;ssl=1 300w\" sizes=\"auto, (max-width: 500px) 100vw, 500px\" \/><\/a> <a href=\"https:\/\/i0.wp.com\/www.valkeaunelma.fi\/valk_www\/wp-content\/uploads\/2015\/03\/Varasto_ja_leikkimokki_2.jpg?ssl=1\"><img data-recalc-dims=\"1\" loading=\"lazy\" decoding=\"async\" class=\"alignnone size-large wp-image-229\" src=\"https:\/\/i0.wp.com\/www.valkeaunelma.fi\/valk_www\/wp-content\/uploads\/2015\/03\/Varasto_ja_leikkimokki_2.jpg?resize=500%2C375&#038;ssl=1\" alt=\"Varasto_ja_leikkimokki_2\" width=\"500\" height=\"375\" srcset=\"https:\/\/i0.wp.com\/www.valkeaunelma.fi\/valk_www\/wp-content\/uploads\/2015\/03\/Varasto_ja_leikkimokki_2.jpg?w=500&amp;ssl=1 500w, https:\/\/i0.wp.com\/www.valkeaunelma.fi\/valk_www\/wp-content\/uploads\/2015\/03\/Varasto_ja_leikkimokki_2.jpg?resize=300%2C225&amp;ssl=1 300w\" sizes=\"auto, (max-width: 500px) 100vw, 500px\" \/><\/a><\/p>\n","protected":false},"excerpt":{"rendered":"<p>8\/2013 Meid\u00e4n pihavaja &#8221;vanhus&#8221; on viel\u00e4 alkuper\u00e4isess\u00e4 maalissaan ja oli jo aika p\u00e4ivitt\u00e4\u00e4 t\u00e4m\u00e4nkin ilme t\u00e4h\u00e4n p\u00e4iv\u00e4\u00e4n. Vanhan irtomaalin harjaus ja uusi kaunis maali pintaan. Pari p\u00e4iv\u00e4\u00e4 t\u00e4ss\u00e4 projektissa vier\u00e4hti kun vauhtiin p\u00e4\u00e4si. Nyt tytt\u00e4ren leikkim\u00f6kki ja t\u00e4m\u00e4 pihavaja ovat kuin &#8221;kaksi marjaa&#8221; vierekk\u00e4in.<\/p>\n","protected":false},"author":3,"featured_media":0,"comment_status":"closed","ping_status":"closed","sticky":false,"template":"","format":"standard","meta":{"ngg_post_thumbnail":0,"_jetpack_memberships_contains_paid_content":false,"footnotes":""},"categories":[24],"tags":[],"class_list":["post-225","post","type-post","status-publish","format-standard","hentry","category-remontit-2"],"jetpack_featured_media_url":"","jetpack_sharing_enabled":true,"_links":{"self":[{"href":"https:\/\/www.valkeaunelma.fi\/valk_www\/index.php?rest_route=\/wp\/v2\/posts\/225","targetHints":{"allow":["GET"]}}],"collection":[{"href":"https:\/\/www.valkeaunelma.fi\/valk_www\/index.php?rest_route=\/wp\/v2\/posts"}],"about":[{"href":"https:\/\/www.valkeaunelma.fi\/valk_www\/index.php?rest_route=\/wp\/v2\/types\/post"}],"author":[{"embeddable":true,"href":"https:\/\/www.valkeaunelma.fi\/valk_www\/index.php?rest_route=\/wp\/v2\/users\/3"}],"replies":[{"embeddable":true,"href":"https:\/\/www.valkeaunelma.fi\/valk_www\/index.php?rest_route=%2Fwp%2Fv2%2Fcomments&post=225"}],"version-history":[{"count":1,"href":"https:\/\/www.valkeaunelma.fi\/valk_www\/index.php?rest_route=\/wp\/v2\/posts\/225\/revisions"}],"predecessor-version":[{"id":3645,"href":"https:\/\/www.valkeaunelma.fi\/valk_www\/index.php?rest_route=\/wp\/v2\/posts\/225\/revisions\/3645"}],"wp:attachment":[{"href":"https:\/\/www.valkeaunelma.fi\/valk_www\/index.php?rest_route=%2Fwp%2Fv2%2Fmedia&parent=225"}],"wp:term":[{"taxonomy":"category","embeddable":true,"href":"https:\/\/www.valkeaunelma.fi\/valk_www\/index.php?rest_route=%2Fwp%2Fv2%2Fcategories&post=225"},{"taxonomy":"post_tag","embeddable":true,"href":"https:\/\/www.valkeaunelma.fi\/valk_www\/index.php?rest_route=%2Fwp%2Fv2%2Ftags&post=225"}],"curies":[{"name":"wp","href":"https:\/\/api.w.org\/{rel}","templated":true}]}}