{"id":299,"date":"2013-02-01T14:38:07","date_gmt":"2013-02-01T14:38:07","guid":{"rendered":"http:\/\/31.217.196.205\/~mrqxsqrz\/valk_www\/?p=299"},"modified":"2023-09-13T20:25:15","modified_gmt":"2023-09-13T17:25:15","slug":"12v-isoveikan-uusi-huone","status":"publish","type":"post","link":"https:\/\/www.valkeaunelma.fi\/valk_www\/?p=299","title":{"rendered":"12v. Isoveikan uusi huone"},"content":{"rendered":"<p><a href=\"https:\/\/i0.wp.com\/www.valkeaunelma.fi\/valk_www\/wp-content\/uploads\/2015\/03\/12v._Pojan_uusi__51225dce4e98e.jpg?ssl=1\"><img data-recalc-dims=\"1\" loading=\"lazy\" decoding=\"async\" class=\"alignnone size-large wp-image-300\" src=\"https:\/\/i0.wp.com\/www.valkeaunelma.fi\/valk_www\/wp-content\/uploads\/2015\/03\/12v._Pojan_uusi__51225dce4e98e.jpg?resize=604%2C453&#038;ssl=1\" alt=\"12v._Pojan_uusi__51225dce4e98e\" width=\"604\" height=\"453\" srcset=\"https:\/\/i0.wp.com\/www.valkeaunelma.fi\/valk_www\/wp-content\/uploads\/2015\/03\/12v._Pojan_uusi__51225dce4e98e.jpg?resize=1024%2C768&amp;ssl=1 1024w, https:\/\/i0.wp.com\/www.valkeaunelma.fi\/valk_www\/wp-content\/uploads\/2015\/03\/12v._Pojan_uusi__51225dce4e98e.jpg?resize=300%2C225&amp;ssl=1 300w, https:\/\/i0.wp.com\/www.valkeaunelma.fi\/valk_www\/wp-content\/uploads\/2015\/03\/12v._Pojan_uusi__51225dce4e98e.jpg?w=1843&amp;ssl=1 1843w, https:\/\/i0.wp.com\/www.valkeaunelma.fi\/valk_www\/wp-content\/uploads\/2015\/03\/12v._Pojan_uusi__51225dce4e98e.jpg?w=1208&amp;ssl=1 1208w\" sizes=\"auto, (max-width: 604px) 100vw, 604px\" \/><\/a>&nbsp;2\/2013<br \/>\nVanhin poikamme on syksyll\u00e4 aloittamassa yl\u00e4koulun, joten h\u00e4nen oli aika saada omahuone alakerrasta. Aikaisemmin h\u00e4n on ollut samassa huoneessa toisen pikkuveljens\u00e4 kanssa. Nyt sitten mies menetti oman ty\u00f6huoneensa. Aikaisemmin t\u00e4m\u00e4 huone oli sein\u00e4pinnoiltaan maalarin valkoinen. Poika halusi v\u00e4ri\u00e4 seiniin ja aikamme pohdittuamme p\u00e4\u00e4dyimme tuhkan s\u00e4vyyn. V\u00e4rimaailma muodostui s\u00e4nkypeiton v\u00e4reist\u00e4, musta\/harmaa\/valkoinen sek\u00e4 ripaus kromia. Kalusteet meniv\u00e4t sitten kokonaan uusiksi ja onneksi Ikea on keksitty. P\u00e4\u00e4s\u00e4\u00e4nt\u00f6isesti poika sai valita mieluisia kalusteita &#8221;tulevan teinin makuun&#8221;. Itse suosin valkoista ja vaaleaa, mutta nyth\u00e4n on kyse pojan &#8221;valtakunnasta&#8221;. Ikeasta l\u00f6ytyi my\u00f6s ihastuttavan hauskat valtava sein\u00e4kello sek\u00e4 jalkalamppu. Kaiken kruunasi oma K\u00e4\u00e4pi\u00f6parta-agama Allu 3v., jolle l\u00f6ytyi my\u00f6s oma kiva paikka huoneesta. Lopputulos on kaikkia miellytt\u00e4v\u00e4 kokonaisuus ja todella onnistunut. Kunhan huone vain pysyy n\u00e4inkin siistin\u00e4&#8230;<\/p>\n<p><!--more--><\/p>\n<p><a href=\"https:\/\/i0.wp.com\/www.valkeaunelma.fi\/valk_www\/wp-content\/uploads\/2015\/03\/Empun_huone_1.jpg?ssl=1\"><img data-recalc-dims=\"1\" loading=\"lazy\" decoding=\"async\" class=\"alignnone size-full wp-image-301\" src=\"https:\/\/i0.wp.com\/www.valkeaunelma.fi\/valk_www\/wp-content\/uploads\/2015\/03\/Empun_huone_1.jpg?resize=500%2C374&#038;ssl=1\" alt=\"Empun_huone_1\" width=\"500\" height=\"374\" srcset=\"https:\/\/i0.wp.com\/www.valkeaunelma.fi\/valk_www\/wp-content\/uploads\/2015\/03\/Empun_huone_1.jpg?w=500&amp;ssl=1 500w, https:\/\/i0.wp.com\/www.valkeaunelma.fi\/valk_www\/wp-content\/uploads\/2015\/03\/Empun_huone_1.jpg?resize=300%2C224&amp;ssl=1 300w\" sizes=\"auto, (max-width: 500px) 100vw, 500px\" \/><\/a> <a href=\"https:\/\/i0.wp.com\/www.valkeaunelma.fi\/valk_www\/wp-content\/uploads\/2015\/03\/Nojatuoli.jpg?ssl=1\"><img data-recalc-dims=\"1\" loading=\"lazy\" decoding=\"async\" class=\"alignnone size-full wp-image-302\" src=\"https:\/\/i0.wp.com\/www.valkeaunelma.fi\/valk_www\/wp-content\/uploads\/2015\/03\/Nojatuoli.jpg?resize=374%2C500&#038;ssl=1\" alt=\"Nojatuoli\" width=\"374\" height=\"500\" srcset=\"https:\/\/i0.wp.com\/www.valkeaunelma.fi\/valk_www\/wp-content\/uploads\/2015\/03\/Nojatuoli.jpg?w=374&amp;ssl=1 374w, https:\/\/i0.wp.com\/www.valkeaunelma.fi\/valk_www\/wp-content\/uploads\/2015\/03\/Nojatuoli.jpg?resize=224%2C300&amp;ssl=1 224w\" sizes=\"auto, (max-width: 374px) 100vw, 374px\" \/><\/a> <a href=\"https:\/\/i0.wp.com\/www.valkeaunelma.fi\/valk_www\/wp-content\/uploads\/2015\/03\/Pehmot_sangylla.jpg?ssl=1\"><img data-recalc-dims=\"1\" loading=\"lazy\" decoding=\"async\" class=\"alignnone size-full wp-image-303\" src=\"https:\/\/i0.wp.com\/www.valkeaunelma.fi\/valk_www\/wp-content\/uploads\/2015\/03\/Pehmot_sangylla.jpg?resize=500%2C374&#038;ssl=1\" alt=\"Pehmot_sangylla\" width=\"500\" height=\"374\" srcset=\"https:\/\/i0.wp.com\/www.valkeaunelma.fi\/valk_www\/wp-content\/uploads\/2015\/03\/Pehmot_sangylla.jpg?w=500&amp;ssl=1 500w, https:\/\/i0.wp.com\/www.valkeaunelma.fi\/valk_www\/wp-content\/uploads\/2015\/03\/Pehmot_sangylla.jpg?resize=300%2C224&amp;ssl=1 300w\" sizes=\"auto, (max-width: 500px) 100vw, 500px\" \/><\/a> <a href=\"https:\/\/i0.wp.com\/www.valkeaunelma.fi\/valk_www\/wp-content\/uploads\/2015\/03\/Terra_yleiskuva.jpg?ssl=1\"><img data-recalc-dims=\"1\" loading=\"lazy\" decoding=\"async\" class=\"alignnone size-full wp-image-304\" src=\"https:\/\/i0.wp.com\/www.valkeaunelma.fi\/valk_www\/wp-content\/uploads\/2015\/03\/Terra_yleiskuva.jpg?resize=500%2C374&#038;ssl=1\" alt=\"Terra_yleiskuva\" width=\"500\" height=\"374\" srcset=\"https:\/\/i0.wp.com\/www.valkeaunelma.fi\/valk_www\/wp-content\/uploads\/2015\/03\/Terra_yleiskuva.jpg?w=500&amp;ssl=1 500w, https:\/\/i0.wp.com\/www.valkeaunelma.fi\/valk_www\/wp-content\/uploads\/2015\/03\/Terra_yleiskuva.jpg?resize=300%2C224&amp;ssl=1 300w\" sizes=\"auto, (max-width: 500px) 100vw, 500px\" \/><\/a> <a href=\"https:\/\/i0.wp.com\/www.valkeaunelma.fi\/valk_www\/wp-content\/uploads\/2015\/03\/Allu_oksalla_pystykuva.jpg?ssl=1\"><img data-recalc-dims=\"1\" loading=\"lazy\" decoding=\"async\" class=\"alignnone size-full wp-image-305\" src=\"https:\/\/i0.wp.com\/www.valkeaunelma.fi\/valk_www\/wp-content\/uploads\/2015\/03\/Allu_oksalla_pystykuva.jpg?resize=374%2C500&#038;ssl=1\" alt=\"Allu_oksalla_pystykuva\" width=\"374\" height=\"500\" srcset=\"https:\/\/i0.wp.com\/www.valkeaunelma.fi\/valk_www\/wp-content\/uploads\/2015\/03\/Allu_oksalla_pystykuva.jpg?w=374&amp;ssl=1 374w, https:\/\/i0.wp.com\/www.valkeaunelma.fi\/valk_www\/wp-content\/uploads\/2015\/03\/Allu_oksalla_pystykuva.jpg?resize=224%2C300&amp;ssl=1 224w\" sizes=\"auto, (max-width: 374px) 100vw, 374px\" \/><\/a> <a href=\"https:\/\/i0.wp.com\/www.valkeaunelma.fi\/valk_www\/wp-content\/uploads\/2015\/03\/Allu_oksalla.jpg?ssl=1\"><img data-recalc-dims=\"1\" loading=\"lazy\" decoding=\"async\" class=\"alignnone size-full wp-image-306\" src=\"https:\/\/i0.wp.com\/www.valkeaunelma.fi\/valk_www\/wp-content\/uploads\/2015\/03\/Allu_oksalla.jpg?resize=500%2C374&#038;ssl=1\" alt=\"Allu_oksalla\" width=\"500\" height=\"374\" srcset=\"https:\/\/i0.wp.com\/www.valkeaunelma.fi\/valk_www\/wp-content\/uploads\/2015\/03\/Allu_oksalla.jpg?w=500&amp;ssl=1 500w, https:\/\/i0.wp.com\/www.valkeaunelma.fi\/valk_www\/wp-content\/uploads\/2015\/03\/Allu_oksalla.jpg?resize=300%2C224&amp;ssl=1 300w\" sizes=\"auto, (max-width: 500px) 100vw, 500px\" \/><\/a> <a href=\"https:\/\/i0.wp.com\/www.valkeaunelma.fi\/valk_www\/wp-content\/uploads\/2015\/03\/Allu_lahelta.jpg?ssl=1\"><img data-recalc-dims=\"1\" loading=\"lazy\" decoding=\"async\" class=\"alignnone size-full wp-image-307\" src=\"https:\/\/i0.wp.com\/www.valkeaunelma.fi\/valk_www\/wp-content\/uploads\/2015\/03\/Allu_lahelta.jpg?resize=500%2C374&#038;ssl=1\" alt=\"Allu_lahelta\" width=\"500\" height=\"374\" srcset=\"https:\/\/i0.wp.com\/www.valkeaunelma.fi\/valk_www\/wp-content\/uploads\/2015\/03\/Allu_lahelta.jpg?w=500&amp;ssl=1 500w, https:\/\/i0.wp.com\/www.valkeaunelma.fi\/valk_www\/wp-content\/uploads\/2015\/03\/Allu_lahelta.jpg?resize=300%2C224&amp;ssl=1 300w\" sizes=\"auto, (max-width: 500px) 100vw, 500px\" \/><\/a><\/p>\n","protected":false},"excerpt":{"rendered":"<p>&nbsp;2\/2013 Vanhin poikamme on syksyll\u00e4 aloittamassa yl\u00e4koulun, joten h\u00e4nen oli aika saada omahuone alakerrasta. Aikaisemmin h\u00e4n on ollut samassa huoneessa toisen pikkuveljens\u00e4 kanssa. Nyt sitten mies menetti oman ty\u00f6huoneensa. Aikaisemmin t\u00e4m\u00e4 huone oli sein\u00e4pinnoiltaan maalarin valkoinen. Poika halusi v\u00e4ri\u00e4 seiniin ja aikamme pohdittuamme p\u00e4\u00e4dyimme tuhkan s\u00e4vyyn. V\u00e4rimaailma muodostui s\u00e4nkypeiton v\u00e4reist\u00e4, musta\/harmaa\/valkoinen sek\u00e4 ripaus kromia. Kalusteet &hellip; <a href=\"https:\/\/www.valkeaunelma.fi\/valk_www\/?p=299\" class=\"more-link\">Jatka lukemista <span class=\"screen-reader-text\">12v. Isoveikan uusi huone<\/span> <span class=\"meta-nav\">&rarr;<\/span><\/a><\/p>\n","protected":false},"author":3,"featured_media":0,"comment_status":"closed","ping_status":"closed","sticky":false,"template":"","format":"standard","meta":{"ngg_post_thumbnail":0,"_jetpack_memberships_contains_paid_content":false,"footnotes":""},"categories":[25],"tags":[],"class_list":["post-299","post","type-post","status-publish","format-standard","hentry","category-sisustus"],"jetpack_featured_media_url":"","jetpack_sharing_enabled":true,"_links":{"self":[{"href":"https:\/\/www.valkeaunelma.fi\/valk_www\/index.php?rest_route=\/wp\/v2\/posts\/299","targetHints":{"allow":["GET"]}}],"collection":[{"href":"https:\/\/www.valkeaunelma.fi\/valk_www\/index.php?rest_route=\/wp\/v2\/posts"}],"about":[{"href":"https:\/\/www.valkeaunelma.fi\/valk_www\/index.php?rest_route=\/wp\/v2\/types\/post"}],"author":[{"embeddable":true,"href":"https:\/\/www.valkeaunelma.fi\/valk_www\/index.php?rest_route=\/wp\/v2\/users\/3"}],"replies":[{"embeddable":true,"href":"https:\/\/www.valkeaunelma.fi\/valk_www\/index.php?rest_route=%2Fwp%2Fv2%2Fcomments&post=299"}],"version-history":[{"count":2,"href":"https:\/\/www.valkeaunelma.fi\/valk_www\/index.php?rest_route=\/wp\/v2\/posts\/299\/revisions"}],"predecessor-version":[{"id":8412,"href":"https:\/\/www.valkeaunelma.fi\/valk_www\/index.php?rest_route=\/wp\/v2\/posts\/299\/revisions\/8412"}],"wp:attachment":[{"href":"https:\/\/www.valkeaunelma.fi\/valk_www\/index.php?rest_route=%2Fwp%2Fv2%2Fmedia&parent=299"}],"wp:term":[{"taxonomy":"category","embeddable":true,"href":"https:\/\/www.valkeaunelma.fi\/valk_www\/index.php?rest_route=%2Fwp%2Fv2%2Fcategories&post=299"},{"taxonomy":"post_tag","embeddable":true,"href":"https:\/\/www.valkeaunelma.fi\/valk_www\/index.php?rest_route=%2Fwp%2Fv2%2Ftags&post=299"}],"curies":[{"name":"wp","href":"https:\/\/api.w.org\/{rel}","templated":true}]}}