{"id":309,"date":"2013-02-01T16:00:50","date_gmt":"2013-02-01T16:00:50","guid":{"rendered":"http:\/\/31.217.196.205\/~mrqxsqrz\/valk_www\/?p=309"},"modified":"2023-09-13T20:24:50","modified_gmt":"2023-09-13T17:24:50","slug":"4v-pikkuprinsessan-oma-huone","status":"publish","type":"post","link":"https:\/\/www.valkeaunelma.fi\/valk_www\/?p=309","title":{"rendered":"4v. Pikkuprinsessan oma huone"},"content":{"rendered":"<p><a href=\"https:\/\/i0.wp.com\/www.valkeaunelma.fi\/valk_www\/wp-content\/uploads\/2015\/03\/4v._Pikkuprinses_51607822cf33b.jpg?ssl=1\"><img data-recalc-dims=\"1\" loading=\"lazy\" decoding=\"async\" class=\"alignnone size-large wp-image-310\" src=\"https:\/\/i0.wp.com\/www.valkeaunelma.fi\/valk_www\/wp-content\/uploads\/2015\/03\/4v._Pikkuprinses_51607822cf33b.jpg?resize=604%2C453&#038;ssl=1\" alt=\"4v._Pikkuprinses_51607822cf33b\" width=\"604\" height=\"453\" srcset=\"https:\/\/i0.wp.com\/www.valkeaunelma.fi\/valk_www\/wp-content\/uploads\/2015\/03\/4v._Pikkuprinses_51607822cf33b.jpg?resize=1024%2C768&amp;ssl=1 1024w, https:\/\/i0.wp.com\/www.valkeaunelma.fi\/valk_www\/wp-content\/uploads\/2015\/03\/4v._Pikkuprinses_51607822cf33b.jpg?resize=300%2C225&amp;ssl=1 300w, https:\/\/i0.wp.com\/www.valkeaunelma.fi\/valk_www\/wp-content\/uploads\/2015\/03\/4v._Pikkuprinses_51607822cf33b.jpg?w=1843&amp;ssl=1 1843w, https:\/\/i0.wp.com\/www.valkeaunelma.fi\/valk_www\/wp-content\/uploads\/2015\/03\/4v._Pikkuprinses_51607822cf33b.jpg?w=1208&amp;ssl=1 1208w\" sizes=\"auto, (max-width: 604px) 100vw, 604px\" \/><\/a>2\/2013<br \/>\nVihdoinkin meid\u00e4n Pikkuprinsessamme sai ikioman huoneen. Kuten jo kerroin isoveikka sai my\u00f6s oman huoneen alakerrasta, jolloin kaksi nuorinta veikkaa meniv\u00e4t j\u00e4lleen samaan huoneeseen ja n\u00e4in ollen pikkusiskokin sai oman huoneensa. Olen jo reilu vuosi sitten maalanut t\u00e4m\u00e4n huoneen juuri tytt\u00f6\u00e4 ajatellen eli huone piti vain kalustaa ja stailata vaalealla ja vaaleanpunaisella tytt\u00f6m\u00e4iseen makuun. Suurin hankinta oli tuo ihastuttava Ikean Birkeland valkoinen vaatekaappi joka oli aivan pakko saada. Voi sit\u00e4 iloa ja riemua kun tyt\u00f6ll\u00e4kin on nyt oma &#8221;Prinsessan valtakunta&#8221;. Tosin tytt\u00f6lelut tuppaavat eksy\u00e4 poikien huoneeseen&#8230;<\/p>\n<p><!--more--><\/p>\n<p><a href=\"https:\/\/i0.wp.com\/www.valkeaunelma.fi\/valk_www\/wp-content\/uploads\/2015\/03\/Julian_huone_leikkinurkka.jpg?ssl=1\"><img data-recalc-dims=\"1\" loading=\"lazy\" decoding=\"async\" class=\"alignnone size-large wp-image-311\" src=\"https:\/\/i0.wp.com\/www.valkeaunelma.fi\/valk_www\/wp-content\/uploads\/2015\/03\/Julian_huone_leikkinurkka.jpg?resize=500%2C374&#038;ssl=1\" alt=\"Julian_huone_leikkinurkka\" width=\"500\" height=\"374\" srcset=\"https:\/\/i0.wp.com\/www.valkeaunelma.fi\/valk_www\/wp-content\/uploads\/2015\/03\/Julian_huone_leikkinurkka.jpg?w=500&amp;ssl=1 500w, https:\/\/i0.wp.com\/www.valkeaunelma.fi\/valk_www\/wp-content\/uploads\/2015\/03\/Julian_huone_leikkinurkka.jpg?resize=300%2C224&amp;ssl=1 300w\" sizes=\"auto, (max-width: 500px) 100vw, 500px\" \/><\/a> <a href=\"https:\/\/i0.wp.com\/www.valkeaunelma.fi\/valk_www\/wp-content\/uploads\/2015\/03\/Julian_huone_sanky.jpg?ssl=1\"><img data-recalc-dims=\"1\" loading=\"lazy\" decoding=\"async\" class=\"alignnone size-large wp-image-312\" src=\"https:\/\/i0.wp.com\/www.valkeaunelma.fi\/valk_www\/wp-content\/uploads\/2015\/03\/Julian_huone_sanky.jpg?resize=500%2C374&#038;ssl=1\" alt=\"Julian_huone_sanky\" width=\"500\" height=\"374\" srcset=\"https:\/\/i0.wp.com\/www.valkeaunelma.fi\/valk_www\/wp-content\/uploads\/2015\/03\/Julian_huone_sanky.jpg?w=500&amp;ssl=1 500w, https:\/\/i0.wp.com\/www.valkeaunelma.fi\/valk_www\/wp-content\/uploads\/2015\/03\/Julian_huone_sanky.jpg?resize=300%2C224&amp;ssl=1 300w\" sizes=\"auto, (max-width: 500px) 100vw, 500px\" \/><\/a> <a href=\"https:\/\/i0.wp.com\/www.valkeaunelma.fi\/valk_www\/wp-content\/uploads\/2015\/03\/Julian_huone_HelloKitty_kokoelma.jpg?ssl=1\"><img data-recalc-dims=\"1\" loading=\"lazy\" decoding=\"async\" class=\"alignnone size-large wp-image-313\" src=\"https:\/\/i0.wp.com\/www.valkeaunelma.fi\/valk_www\/wp-content\/uploads\/2015\/03\/Julian_huone_HelloKitty_kokoelma.jpg?resize=500%2C374&#038;ssl=1\" alt=\"Julian_huone_HelloKitty_kokoelma\" width=\"500\" height=\"374\" srcset=\"https:\/\/i0.wp.com\/www.valkeaunelma.fi\/valk_www\/wp-content\/uploads\/2015\/03\/Julian_huone_HelloKitty_kokoelma.jpg?w=500&amp;ssl=1 500w, https:\/\/i0.wp.com\/www.valkeaunelma.fi\/valk_www\/wp-content\/uploads\/2015\/03\/Julian_huone_HelloKitty_kokoelma.jpg?resize=300%2C224&amp;ssl=1 300w\" sizes=\"auto, (max-width: 500px) 100vw, 500px\" \/><\/a> <a href=\"https:\/\/i0.wp.com\/www.valkeaunelma.fi\/valk_www\/wp-content\/uploads\/2015\/03\/Julian_huone_kaappi.jpg?ssl=1\"><img data-recalc-dims=\"1\" loading=\"lazy\" decoding=\"async\" class=\"alignnone size-large wp-image-314\" src=\"https:\/\/i0.wp.com\/www.valkeaunelma.fi\/valk_www\/wp-content\/uploads\/2015\/03\/Julian_huone_kaappi.jpg?resize=374%2C500&#038;ssl=1\" alt=\"Julian_huone_kaappi\" width=\"374\" height=\"500\" srcset=\"https:\/\/i0.wp.com\/www.valkeaunelma.fi\/valk_www\/wp-content\/uploads\/2015\/03\/Julian_huone_kaappi.jpg?w=374&amp;ssl=1 374w, https:\/\/i0.wp.com\/www.valkeaunelma.fi\/valk_www\/wp-content\/uploads\/2015\/03\/Julian_huone_kaappi.jpg?resize=224%2C300&amp;ssl=1 224w\" sizes=\"auto, (max-width: 374px) 100vw, 374px\" \/><\/a> <a href=\"https:\/\/i0.wp.com\/www.valkeaunelma.fi\/valk_www\/wp-content\/uploads\/2015\/03\/Julian_huone_poyta_ja_peili.jpg?ssl=1\"><img data-recalc-dims=\"1\" loading=\"lazy\" decoding=\"async\" class=\"alignnone size-large wp-image-315\" src=\"https:\/\/i0.wp.com\/www.valkeaunelma.fi\/valk_www\/wp-content\/uploads\/2015\/03\/Julian_huone_poyta_ja_peili.jpg?resize=500%2C374&#038;ssl=1\" alt=\"Julian_huone_poyta_ja_peili\" width=\"500\" height=\"374\" srcset=\"https:\/\/i0.wp.com\/www.valkeaunelma.fi\/valk_www\/wp-content\/uploads\/2015\/03\/Julian_huone_poyta_ja_peili.jpg?w=500&amp;ssl=1 500w, https:\/\/i0.wp.com\/www.valkeaunelma.fi\/valk_www\/wp-content\/uploads\/2015\/03\/Julian_huone_poyta_ja_peili.jpg?resize=300%2C224&amp;ssl=1 300w\" sizes=\"auto, (max-width: 500px) 100vw, 500px\" \/><\/a> <a href=\"https:\/\/i0.wp.com\/www.valkeaunelma.fi\/valk_www\/wp-content\/uploads\/2015\/03\/Julian_huone_peilipoyta.jpg?ssl=1\"><img data-recalc-dims=\"1\" loading=\"lazy\" decoding=\"async\" class=\"alignnone size-large wp-image-316\" src=\"https:\/\/i0.wp.com\/www.valkeaunelma.fi\/valk_www\/wp-content\/uploads\/2015\/03\/Julian_huone_peilipoyta.jpg?resize=500%2C374&#038;ssl=1\" alt=\"Julian_huone_peilipoyta\" width=\"500\" height=\"374\" srcset=\"https:\/\/i0.wp.com\/www.valkeaunelma.fi\/valk_www\/wp-content\/uploads\/2015\/03\/Julian_huone_peilipoyta.jpg?w=500&amp;ssl=1 500w, https:\/\/i0.wp.com\/www.valkeaunelma.fi\/valk_www\/wp-content\/uploads\/2015\/03\/Julian_huone_peilipoyta.jpg?resize=300%2C224&amp;ssl=1 300w\" sizes=\"auto, (max-width: 500px) 100vw, 500px\" \/><\/a><\/p>\n","protected":false},"excerpt":{"rendered":"<p>2\/2013 Vihdoinkin meid\u00e4n Pikkuprinsessamme sai ikioman huoneen. Kuten jo kerroin isoveikka sai my\u00f6s oman huoneen alakerrasta, jolloin kaksi nuorinta veikkaa meniv\u00e4t j\u00e4lleen samaan huoneeseen ja n\u00e4in ollen pikkusiskokin sai oman huoneensa. Olen jo reilu vuosi sitten maalanut t\u00e4m\u00e4n huoneen juuri tytt\u00f6\u00e4 ajatellen eli huone piti vain kalustaa ja stailata vaalealla ja vaaleanpunaisella tytt\u00f6m\u00e4iseen makuun. Suurin &hellip; <a href=\"https:\/\/www.valkeaunelma.fi\/valk_www\/?p=309\" class=\"more-link\">Jatka lukemista <span class=\"screen-reader-text\">4v. Pikkuprinsessan oma huone<\/span> <span class=\"meta-nav\">&rarr;<\/span><\/a><\/p>\n","protected":false},"author":3,"featured_media":0,"comment_status":"closed","ping_status":"closed","sticky":false,"template":"","format":"standard","meta":{"ngg_post_thumbnail":0,"_jetpack_memberships_contains_paid_content":false,"footnotes":""},"categories":[25],"tags":[],"class_list":["post-309","post","type-post","status-publish","format-standard","hentry","category-sisustus"],"jetpack_featured_media_url":"","jetpack_sharing_enabled":true,"_links":{"self":[{"href":"https:\/\/www.valkeaunelma.fi\/valk_www\/index.php?rest_route=\/wp\/v2\/posts\/309","targetHints":{"allow":["GET"]}}],"collection":[{"href":"https:\/\/www.valkeaunelma.fi\/valk_www\/index.php?rest_route=\/wp\/v2\/posts"}],"about":[{"href":"https:\/\/www.valkeaunelma.fi\/valk_www\/index.php?rest_route=\/wp\/v2\/types\/post"}],"author":[{"embeddable":true,"href":"https:\/\/www.valkeaunelma.fi\/valk_www\/index.php?rest_route=\/wp\/v2\/users\/3"}],"replies":[{"embeddable":true,"href":"https:\/\/www.valkeaunelma.fi\/valk_www\/index.php?rest_route=%2Fwp%2Fv2%2Fcomments&post=309"}],"version-history":[{"count":2,"href":"https:\/\/www.valkeaunelma.fi\/valk_www\/index.php?rest_route=\/wp\/v2\/posts\/309\/revisions"}],"predecessor-version":[{"id":8411,"href":"https:\/\/www.valkeaunelma.fi\/valk_www\/index.php?rest_route=\/wp\/v2\/posts\/309\/revisions\/8411"}],"wp:attachment":[{"href":"https:\/\/www.valkeaunelma.fi\/valk_www\/index.php?rest_route=%2Fwp%2Fv2%2Fmedia&parent=309"}],"wp:term":[{"taxonomy":"category","embeddable":true,"href":"https:\/\/www.valkeaunelma.fi\/valk_www\/index.php?rest_route=%2Fwp%2Fv2%2Fcategories&post=309"},{"taxonomy":"post_tag","embeddable":true,"href":"https:\/\/www.valkeaunelma.fi\/valk_www\/index.php?rest_route=%2Fwp%2Fv2%2Ftags&post=309"}],"curies":[{"name":"wp","href":"https:\/\/api.w.org\/{rel}","templated":true}]}}