{"id":327,"date":"2013-02-01T10:46:53","date_gmt":"2013-02-01T10:46:53","guid":{"rendered":"http:\/\/31.217.196.205\/~mrqxsqrz\/valk_www\/?p=327"},"modified":"2023-09-13T20:25:31","modified_gmt":"2023-09-13T17:25:31","slug":"stailattu-vanhempien-oma-makuuhuone","status":"publish","type":"post","link":"https:\/\/www.valkeaunelma.fi\/valk_www\/?p=327","title":{"rendered":"Stailattu vanhempien oma makuuhuone"},"content":{"rendered":"<p><a href=\"https:\/\/i0.wp.com\/www.valkeaunelma.fi\/valk_www\/wp-content\/uploads\/2015\/03\/Stailattu_vanhempien_MH.jpg?ssl=1\"><img data-recalc-dims=\"1\" loading=\"lazy\" decoding=\"async\" class=\"alignnone size-large wp-image-328\" src=\"https:\/\/i0.wp.com\/www.valkeaunelma.fi\/valk_www\/wp-content\/uploads\/2015\/03\/Stailattu_vanhempien_MH.jpg?resize=604%2C453&#038;ssl=1\" alt=\"Stailattu_vanhempien_MH\" width=\"604\" height=\"453\" srcset=\"https:\/\/i0.wp.com\/www.valkeaunelma.fi\/valk_www\/wp-content\/uploads\/2015\/03\/Stailattu_vanhempien_MH.jpg?resize=1024%2C768&amp;ssl=1 1024w, https:\/\/i0.wp.com\/www.valkeaunelma.fi\/valk_www\/wp-content\/uploads\/2015\/03\/Stailattu_vanhempien_MH.jpg?resize=300%2C225&amp;ssl=1 300w, https:\/\/i0.wp.com\/www.valkeaunelma.fi\/valk_www\/wp-content\/uploads\/2015\/03\/Stailattu_vanhempien_MH.jpg?w=1843&amp;ssl=1 1843w, https:\/\/i0.wp.com\/www.valkeaunelma.fi\/valk_www\/wp-content\/uploads\/2015\/03\/Stailattu_vanhempien_MH.jpg?w=1208&amp;ssl=1 1208w\" sizes=\"auto, (max-width: 604px) 100vw, 604px\" \/><\/a>&nbsp;2\/2013<br \/>\nNyt me vanhemmat saimme lopultakin oman makuuhuoneen omaan k\u00e4ytt\u00f6\u00f6mme. Vuosien varrella huoneen on jakanut aina joku lapsistamme. Nyt lapsilla on vihdoinkin omat huoneet, yksin tai kaksin jaettuna. Meid\u00e4n makuuhuone meni t\u00e4ysin uusiksi huonekaluj\u00e4rjestelyiden suhteen, koska sinne t\u00e4ytyi nyt sijoittaa ty\u00f6piste, jonka mieheni menetti alakerrasta. Huone ei kaivannut uutta maalipintaa koska sein\u00e4t ovat jo valmiiksi vaaleat. Vain stailausta ja uusi ty\u00f6piste tuolineen. My\u00f6s vaatekaappi meni uusiksi, valkoisen s\u00e4vyyn, jolla jaoimme osittain tilan kahtia. Alkuper\u00e4inen liukuovipeilikaappi meni alakertaan pojan huoneeseen antamaan lis\u00e4tilan tuntua ja avaruutta. Kaiken kruunasi uusi valkoinen taulutelkkari. Viel\u00e4 kun tulee kes\u00e4 niin saamme meid\u00e4n lasitetun parvekkeen lis\u00e4huoneeksi tilaan ja siell\u00e4kin voi nauttia kes\u00e4illoista.<\/p>\n<p><!--more--><\/p>\n<p><a href=\"https:\/\/i0.wp.com\/www.valkeaunelma.fi\/valk_www\/wp-content\/uploads\/2015\/03\/Makkari_puhelinpoyta_ja_peili.jpg?ssl=1\"><img data-recalc-dims=\"1\" loading=\"lazy\" decoding=\"async\" class=\"alignnone size-large wp-image-329\" src=\"https:\/\/i0.wp.com\/www.valkeaunelma.fi\/valk_www\/wp-content\/uploads\/2015\/03\/Makkari_puhelinpoyta_ja_peili.jpg?resize=500%2C374&#038;ssl=1\" alt=\"Makkari_puhelinpoyta_ja_peili\" width=\"500\" height=\"374\" srcset=\"https:\/\/i0.wp.com\/www.valkeaunelma.fi\/valk_www\/wp-content\/uploads\/2015\/03\/Makkari_puhelinpoyta_ja_peili.jpg?w=500&amp;ssl=1 500w, https:\/\/i0.wp.com\/www.valkeaunelma.fi\/valk_www\/wp-content\/uploads\/2015\/03\/Makkari_puhelinpoyta_ja_peili.jpg?resize=300%2C224&amp;ssl=1 300w\" sizes=\"auto, (max-width: 500px) 100vw, 500px\" \/><\/a> <a href=\"https:\/\/i0.wp.com\/www.valkeaunelma.fi\/valk_www\/wp-content\/uploads\/2015\/03\/Makkari_sanky.jpg?ssl=1\"><img data-recalc-dims=\"1\" loading=\"lazy\" decoding=\"async\" class=\"alignnone size-large wp-image-330\" src=\"https:\/\/i0.wp.com\/www.valkeaunelma.fi\/valk_www\/wp-content\/uploads\/2015\/03\/Makkari_sanky.jpg?resize=500%2C374&#038;ssl=1\" alt=\"Makkari_sanky\" width=\"500\" height=\"374\" srcset=\"https:\/\/i0.wp.com\/www.valkeaunelma.fi\/valk_www\/wp-content\/uploads\/2015\/03\/Makkari_sanky.jpg?w=500&amp;ssl=1 500w, https:\/\/i0.wp.com\/www.valkeaunelma.fi\/valk_www\/wp-content\/uploads\/2015\/03\/Makkari_sanky.jpg?resize=300%2C224&amp;ssl=1 300w\" sizes=\"auto, (max-width: 500px) 100vw, 500px\" \/><\/a> <a href=\"https:\/\/i0.wp.com\/www.valkeaunelma.fi\/valk_www\/wp-content\/uploads\/2015\/03\/Makkari_vaatekaappi_sanky.jpg?ssl=1\"><img data-recalc-dims=\"1\" loading=\"lazy\" decoding=\"async\" class=\"alignnone size-large wp-image-331\" src=\"https:\/\/i0.wp.com\/www.valkeaunelma.fi\/valk_www\/wp-content\/uploads\/2015\/03\/Makkari_vaatekaappi_sanky.jpg?resize=500%2C374&#038;ssl=1\" alt=\"Makkari_vaatekaappi_sanky\" width=\"500\" height=\"374\" srcset=\"https:\/\/i0.wp.com\/www.valkeaunelma.fi\/valk_www\/wp-content\/uploads\/2015\/03\/Makkari_vaatekaappi_sanky.jpg?w=500&amp;ssl=1 500w, https:\/\/i0.wp.com\/www.valkeaunelma.fi\/valk_www\/wp-content\/uploads\/2015\/03\/Makkari_vaatekaappi_sanky.jpg?resize=300%2C224&amp;ssl=1 300w\" sizes=\"auto, (max-width: 500px) 100vw, 500px\" \/><\/a> <a href=\"https:\/\/i0.wp.com\/www.valkeaunelma.fi\/valk_www\/wp-content\/uploads\/2015\/03\/Makkari_Maileg_ja_lipasto.jpg?ssl=1\"><img data-recalc-dims=\"1\" loading=\"lazy\" decoding=\"async\" class=\"alignnone size-large wp-image-332\" src=\"https:\/\/i0.wp.com\/www.valkeaunelma.fi\/valk_www\/wp-content\/uploads\/2015\/03\/Makkari_Maileg_ja_lipasto.jpg?resize=500%2C374&#038;ssl=1\" alt=\"Makkari_Maileg_ja_lipasto\" width=\"500\" height=\"374\" srcset=\"https:\/\/i0.wp.com\/www.valkeaunelma.fi\/valk_www\/wp-content\/uploads\/2015\/03\/Makkari_Maileg_ja_lipasto.jpg?w=500&amp;ssl=1 500w, https:\/\/i0.wp.com\/www.valkeaunelma.fi\/valk_www\/wp-content\/uploads\/2015\/03\/Makkari_Maileg_ja_lipasto.jpg?resize=300%2C224&amp;ssl=1 300w\" sizes=\"auto, (max-width: 500px) 100vw, 500px\" \/><\/a> <a href=\"https:\/\/i0.wp.com\/www.valkeaunelma.fi\/valk_www\/wp-content\/uploads\/2015\/03\/Makkari_TV_taso.jpg?ssl=1\"><img data-recalc-dims=\"1\" loading=\"lazy\" decoding=\"async\" class=\"alignnone size-large wp-image-333\" src=\"https:\/\/i0.wp.com\/www.valkeaunelma.fi\/valk_www\/wp-content\/uploads\/2015\/03\/Makkari_TV_taso.jpg?resize=374%2C500&#038;ssl=1\" alt=\"Makkari_TV_taso\" width=\"374\" height=\"500\" srcset=\"https:\/\/i0.wp.com\/www.valkeaunelma.fi\/valk_www\/wp-content\/uploads\/2015\/03\/Makkari_TV_taso.jpg?w=374&amp;ssl=1 374w, https:\/\/i0.wp.com\/www.valkeaunelma.fi\/valk_www\/wp-content\/uploads\/2015\/03\/Makkari_TV_taso.jpg?resize=224%2C300&amp;ssl=1 224w\" sizes=\"auto, (max-width: 374px) 100vw, 374px\" \/><\/a> <a href=\"https:\/\/i0.wp.com\/www.valkeaunelma.fi\/valk_www\/wp-content\/uploads\/2015\/03\/Makkari_tyopiste.jpg?ssl=1\"><img data-recalc-dims=\"1\" loading=\"lazy\" decoding=\"async\" class=\"alignnone size-large wp-image-334\" src=\"https:\/\/i0.wp.com\/www.valkeaunelma.fi\/valk_www\/wp-content\/uploads\/2015\/03\/Makkari_tyopiste.jpg?resize=500%2C374&#038;ssl=1\" alt=\"Makkari_tyopiste\" width=\"500\" height=\"374\" srcset=\"https:\/\/i0.wp.com\/www.valkeaunelma.fi\/valk_www\/wp-content\/uploads\/2015\/03\/Makkari_tyopiste.jpg?w=500&amp;ssl=1 500w, https:\/\/i0.wp.com\/www.valkeaunelma.fi\/valk_www\/wp-content\/uploads\/2015\/03\/Makkari_tyopiste.jpg?resize=300%2C224&amp;ssl=1 300w\" sizes=\"auto, (max-width: 500px) 100vw, 500px\" \/><\/a> <a href=\"https:\/\/i0.wp.com\/www.valkeaunelma.fi\/valk_www\/wp-content\/uploads\/2015\/03\/Makkari_kultainen_puhelin.jpg?ssl=1\"><img data-recalc-dims=\"1\" loading=\"lazy\" decoding=\"async\" class=\"alignnone size-large wp-image-335\" src=\"https:\/\/i0.wp.com\/www.valkeaunelma.fi\/valk_www\/wp-content\/uploads\/2015\/03\/Makkari_kultainen_puhelin.jpg?resize=500%2C374&#038;ssl=1\" alt=\"Makkari_kultainen_puhelin\" width=\"500\" height=\"374\" srcset=\"https:\/\/i0.wp.com\/www.valkeaunelma.fi\/valk_www\/wp-content\/uploads\/2015\/03\/Makkari_kultainen_puhelin.jpg?w=500&amp;ssl=1 500w, https:\/\/i0.wp.com\/www.valkeaunelma.fi\/valk_www\/wp-content\/uploads\/2015\/03\/Makkari_kultainen_puhelin.jpg?resize=300%2C224&amp;ssl=1 300w\" sizes=\"auto, (max-width: 500px) 100vw, 500px\" \/><\/a> <a href=\"https:\/\/i0.wp.com\/www.valkeaunelma.fi\/valk_www\/wp-content\/uploads\/2015\/03\/Makkari_Harrods_nalle.jpg?ssl=1\"><img data-recalc-dims=\"1\" loading=\"lazy\" decoding=\"async\" class=\"alignnone size-large wp-image-336\" src=\"https:\/\/i0.wp.com\/www.valkeaunelma.fi\/valk_www\/wp-content\/uploads\/2015\/03\/Makkari_Harrods_nalle.jpg?resize=374%2C500&#038;ssl=1\" alt=\"Makkari_Harrods_nalle\" width=\"374\" height=\"500\" srcset=\"https:\/\/i0.wp.com\/www.valkeaunelma.fi\/valk_www\/wp-content\/uploads\/2015\/03\/Makkari_Harrods_nalle.jpg?w=374&amp;ssl=1 374w, https:\/\/i0.wp.com\/www.valkeaunelma.fi\/valk_www\/wp-content\/uploads\/2015\/03\/Makkari_Harrods_nalle.jpg?resize=224%2C300&amp;ssl=1 224w\" sizes=\"auto, (max-width: 374px) 100vw, 374px\" \/><\/a><br \/>\n5\/2013<br \/>\nLasitettu yl\u00e4kerran parveke.<br \/>\n<a href=\"https:\/\/i0.wp.com\/www.valkeaunelma.fi\/valk_www\/wp-content\/uploads\/2015\/03\/Ylakerran_parveke_2.jpg?ssl=1\"><img data-recalc-dims=\"1\" loading=\"lazy\" decoding=\"async\" class=\"alignnone size-large wp-image-337\" src=\"https:\/\/i0.wp.com\/www.valkeaunelma.fi\/valk_www\/wp-content\/uploads\/2015\/03\/Ylakerran_parveke_2.jpg?resize=500%2C375&#038;ssl=1\" alt=\"Ylakerran_parveke_2\" width=\"500\" height=\"375\" srcset=\"https:\/\/i0.wp.com\/www.valkeaunelma.fi\/valk_www\/wp-content\/uploads\/2015\/03\/Ylakerran_parveke_2.jpg?w=500&amp;ssl=1 500w, https:\/\/i0.wp.com\/www.valkeaunelma.fi\/valk_www\/wp-content\/uploads\/2015\/03\/Ylakerran_parveke_2.jpg?resize=300%2C225&amp;ssl=1 300w\" sizes=\"auto, (max-width: 500px) 100vw, 500px\" \/><\/a> <a href=\"https:\/\/i0.wp.com\/www.valkeaunelma.fi\/valk_www\/wp-content\/uploads\/2015\/03\/Ylakerran_parveke_3.jpg?ssl=1\"><img data-recalc-dims=\"1\" loading=\"lazy\" decoding=\"async\" class=\"alignnone size-large wp-image-338\" src=\"https:\/\/i0.wp.com\/www.valkeaunelma.fi\/valk_www\/wp-content\/uploads\/2015\/03\/Ylakerran_parveke_3.jpg?resize=500%2C375&#038;ssl=1\" alt=\"Ylakerran_parveke_3\" width=\"500\" height=\"375\" srcset=\"https:\/\/i0.wp.com\/www.valkeaunelma.fi\/valk_www\/wp-content\/uploads\/2015\/03\/Ylakerran_parveke_3.jpg?w=500&amp;ssl=1 500w, https:\/\/i0.wp.com\/www.valkeaunelma.fi\/valk_www\/wp-content\/uploads\/2015\/03\/Ylakerran_parveke_3.jpg?resize=300%2C225&amp;ssl=1 300w\" sizes=\"auto, (max-width: 500px) 100vw, 500px\" \/><\/a> <a href=\"https:\/\/i0.wp.com\/www.valkeaunelma.fi\/valk_www\/wp-content\/uploads\/2015\/03\/Ylakerran_parveke_4.jpg?ssl=1\"><img data-recalc-dims=\"1\" loading=\"lazy\" decoding=\"async\" class=\"alignnone size-large wp-image-339\" src=\"https:\/\/i0.wp.com\/www.valkeaunelma.fi\/valk_www\/wp-content\/uploads\/2015\/03\/Ylakerran_parveke_4.jpg?resize=500%2C375&#038;ssl=1\" alt=\"Ylakerran_parveke_4\" width=\"500\" height=\"375\" srcset=\"https:\/\/i0.wp.com\/www.valkeaunelma.fi\/valk_www\/wp-content\/uploads\/2015\/03\/Ylakerran_parveke_4.jpg?w=500&amp;ssl=1 500w, https:\/\/i0.wp.com\/www.valkeaunelma.fi\/valk_www\/wp-content\/uploads\/2015\/03\/Ylakerran_parveke_4.jpg?resize=300%2C225&amp;ssl=1 300w\" sizes=\"auto, (max-width: 500px) 100vw, 500px\" \/><\/a><\/p>\n","protected":false},"excerpt":{"rendered":"<p>&nbsp;2\/2013 Nyt me vanhemmat saimme lopultakin oman makuuhuoneen omaan k\u00e4ytt\u00f6\u00f6mme. Vuosien varrella huoneen on jakanut aina joku lapsistamme. Nyt lapsilla on vihdoinkin omat huoneet, yksin tai kaksin jaettuna. Meid\u00e4n makuuhuone meni t\u00e4ysin uusiksi huonekaluj\u00e4rjestelyiden suhteen, koska sinne t\u00e4ytyi nyt sijoittaa ty\u00f6piste, jonka mieheni menetti alakerrasta. Huone ei kaivannut uutta maalipintaa koska sein\u00e4t ovat jo valmiiksi &hellip; <a href=\"https:\/\/www.valkeaunelma.fi\/valk_www\/?p=327\" class=\"more-link\">Jatka lukemista <span class=\"screen-reader-text\">Stailattu vanhempien oma makuuhuone<\/span> <span class=\"meta-nav\">&rarr;<\/span><\/a><\/p>\n","protected":false},"author":3,"featured_media":0,"comment_status":"closed","ping_status":"closed","sticky":false,"template":"","format":"standard","meta":{"ngg_post_thumbnail":0,"_jetpack_memberships_contains_paid_content":false,"footnotes":""},"categories":[25],"tags":[],"class_list":["post-327","post","type-post","status-publish","format-standard","hentry","category-sisustus"],"jetpack_featured_media_url":"","jetpack_sharing_enabled":true,"_links":{"self":[{"href":"https:\/\/www.valkeaunelma.fi\/valk_www\/index.php?rest_route=\/wp\/v2\/posts\/327","targetHints":{"allow":["GET"]}}],"collection":[{"href":"https:\/\/www.valkeaunelma.fi\/valk_www\/index.php?rest_route=\/wp\/v2\/posts"}],"about":[{"href":"https:\/\/www.valkeaunelma.fi\/valk_www\/index.php?rest_route=\/wp\/v2\/types\/post"}],"author":[{"embeddable":true,"href":"https:\/\/www.valkeaunelma.fi\/valk_www\/index.php?rest_route=\/wp\/v2\/users\/3"}],"replies":[{"embeddable":true,"href":"https:\/\/www.valkeaunelma.fi\/valk_www\/index.php?rest_route=%2Fwp%2Fv2%2Fcomments&post=327"}],"version-history":[{"count":2,"href":"https:\/\/www.valkeaunelma.fi\/valk_www\/index.php?rest_route=\/wp\/v2\/posts\/327\/revisions"}],"predecessor-version":[{"id":8413,"href":"https:\/\/www.valkeaunelma.fi\/valk_www\/index.php?rest_route=\/wp\/v2\/posts\/327\/revisions\/8413"}],"wp:attachment":[{"href":"https:\/\/www.valkeaunelma.fi\/valk_www\/index.php?rest_route=%2Fwp%2Fv2%2Fmedia&parent=327"}],"wp:term":[{"taxonomy":"category","embeddable":true,"href":"https:\/\/www.valkeaunelma.fi\/valk_www\/index.php?rest_route=%2Fwp%2Fv2%2Fcategories&post=327"},{"taxonomy":"post_tag","embeddable":true,"href":"https:\/\/www.valkeaunelma.fi\/valk_www\/index.php?rest_route=%2Fwp%2Fv2%2Ftags&post=327"}],"curies":[{"name":"wp","href":"https:\/\/api.w.org\/{rel}","templated":true}]}}