{"id":375,"date":"2012-08-01T08:07:28","date_gmt":"2012-08-01T08:07:28","guid":{"rendered":"http:\/\/31.217.196.205\/~mrqxsqrz\/valk_www\/?p=375"},"modified":"2017-08-21T20:40:43","modified_gmt":"2017-08-21T20:40:43","slug":"vanhan-puutarhapenkin-uusi-elama","status":"publish","type":"post","link":"https:\/\/www.valkeaunelma.fi\/valk_www\/?p=375","title":{"rendered":"Vanhan puutarhapenkin uusi el\u00e4m\u00e4"},"content":{"rendered":"<p><a href=\"https:\/\/www.valkeaunelma.fi\/valk_www\/wp-content\/uploads\/2015\/03\/Vanhan_puutarhap_50368e9fd34ca.jpg\">8\/2012<\/a><\/p>\n<p><a href=\"https:\/\/i0.wp.com\/www.valkeaunelma.fi\/valk_www\/wp-content\/uploads\/2015\/03\/Vanhan_puutarhap_50368e9fd34ca.jpg?ssl=1\"><img data-recalc-dims=\"1\" loading=\"lazy\" decoding=\"async\" class=\"alignnone size-large wp-image-376\" src=\"https:\/\/i0.wp.com\/www.valkeaunelma.fi\/valk_www\/wp-content\/uploads\/2015\/03\/Vanhan_puutarhap_50368e9fd34ca.jpg?resize=604%2C453&#038;ssl=1\" alt=\"Vanhan_puutarhap_50368e9fd34ca\" width=\"604\" height=\"453\" srcset=\"https:\/\/i0.wp.com\/www.valkeaunelma.fi\/valk_www\/wp-content\/uploads\/2015\/03\/Vanhan_puutarhap_50368e9fd34ca.jpg?resize=1024%2C768&amp;ssl=1 1024w, https:\/\/i0.wp.com\/www.valkeaunelma.fi\/valk_www\/wp-content\/uploads\/2015\/03\/Vanhan_puutarhap_50368e9fd34ca.jpg?resize=300%2C225&amp;ssl=1 300w, https:\/\/i0.wp.com\/www.valkeaunelma.fi\/valk_www\/wp-content\/uploads\/2015\/03\/Vanhan_puutarhap_50368e9fd34ca.jpg?w=1843&amp;ssl=1 1843w, https:\/\/i0.wp.com\/www.valkeaunelma.fi\/valk_www\/wp-content\/uploads\/2015\/03\/Vanhan_puutarhap_50368e9fd34ca.jpg?w=1208&amp;ssl=1 1208w\" sizes=\"auto, (max-width: 604px) 100vw, 604px\" \/><\/a><\/p>\n<p><!--more--><br \/>\nT\u00e4ss\u00e4 j\u00e4lleen l\u00f6yt\u00f6, ainakin minun mielest\u00e4ni. K\u00e4vimme Kierr\u00e4tyskeskuksessa ja sielt\u00e4h\u00e4n t\u00e4m\u00e4 l\u00f6ytyi. Hinta huimat 5e&#8230; Tosin penkin ulkoasu oli todella surkea, auringon haalistama ja v\u00e4h\u00e4n kiikker\u00e4. Alkuper\u00e4ist\u00e4 kuvaa en harmikseni muistanut ottaa kun niin kiireell\u00e4 t\u00e4m\u00e4n haimme niin v\u00e4litt\u00f6m\u00e4sti alkoi penkin hiominen ja tummanruskealla \u00f6ljy\u00e4minen. Mies v\u00e4h\u00e4n vahvisti runkoa ja siin\u00e4 se on. Tuolle ihanalle Sylvin m\u00f6kille puutarhapenkki l\u00f6ysi tiens\u00e4. Nyt voi nauttia ilta-auringosta saunan j\u00e4lkeen leppoisin mielin &#8221;uuden el\u00e4m\u00e4n&#8221; saaneella penkill\u00e4. Kaunis ja hyv\u00e4 penkist\u00e4 tuli, mit\u00e4 se vuosien varrella oli kokenut. Ja viel\u00e4p\u00e4 eritt\u00e4in hyv\u00e4 istua, kaarevine muotoineen. Sanoisin ett\u00e4 t\u00e4m\u00e4n kes\u00e4n l\u00f6yt\u00f6!<\/p>\n<p><a href=\"https:\/\/i0.wp.com\/www.valkeaunelma.fi\/valk_www\/wp-content\/uploads\/2015\/03\/Mokin_penkki_2.jpg?ssl=1\"><img data-recalc-dims=\"1\" loading=\"lazy\" decoding=\"async\" class=\"alignnone size-large wp-image-377\" src=\"https:\/\/i0.wp.com\/www.valkeaunelma.fi\/valk_www\/wp-content\/uploads\/2015\/03\/Mokin_penkki_2.jpg?resize=500%2C374&#038;ssl=1\" alt=\"Mokin_penkki_2\" width=\"500\" height=\"374\" srcset=\"https:\/\/i0.wp.com\/www.valkeaunelma.fi\/valk_www\/wp-content\/uploads\/2015\/03\/Mokin_penkki_2.jpg?w=500&amp;ssl=1 500w, https:\/\/i0.wp.com\/www.valkeaunelma.fi\/valk_www\/wp-content\/uploads\/2015\/03\/Mokin_penkki_2.jpg?resize=300%2C224&amp;ssl=1 300w\" sizes=\"auto, (max-width: 500px) 100vw, 500px\" \/><\/a> <a href=\"https:\/\/i0.wp.com\/www.valkeaunelma.fi\/valk_www\/wp-content\/uploads\/2015\/03\/Mokin_penkki_3.jpg?ssl=1\"><img data-recalc-dims=\"1\" loading=\"lazy\" decoding=\"async\" class=\"alignnone size-large wp-image-378\" src=\"https:\/\/i0.wp.com\/www.valkeaunelma.fi\/valk_www\/wp-content\/uploads\/2015\/03\/Mokin_penkki_3.jpg?resize=500%2C374&#038;ssl=1\" alt=\"Mokin_penkki_3\" width=\"500\" height=\"374\" srcset=\"https:\/\/i0.wp.com\/www.valkeaunelma.fi\/valk_www\/wp-content\/uploads\/2015\/03\/Mokin_penkki_3.jpg?w=500&amp;ssl=1 500w, https:\/\/i0.wp.com\/www.valkeaunelma.fi\/valk_www\/wp-content\/uploads\/2015\/03\/Mokin_penkki_3.jpg?resize=300%2C224&amp;ssl=1 300w\" sizes=\"auto, (max-width: 500px) 100vw, 500px\" \/><br \/>\n<\/a>8\/2013<br \/>\nPenkki on jo reilu vuoden asustellut m\u00f6kill\u00e4, toki talvehtien sis\u00e4tiloissa. Ja hyvin se on kest\u00e4nyt ja palvellut.<br \/>\n<a href=\"https:\/\/i0.wp.com\/www.valkeaunelma.fi\/valk_www\/wp-content\/uploads\/2015\/03\/Penkki1.jpg?ssl=1\"><img data-recalc-dims=\"1\" loading=\"lazy\" decoding=\"async\" class=\"alignnone size-large wp-image-379\" src=\"https:\/\/i0.wp.com\/www.valkeaunelma.fi\/valk_www\/wp-content\/uploads\/2015\/03\/Penkki1.jpg?resize=500%2C375&#038;ssl=1\" alt=\"Penkki\" width=\"500\" height=\"375\" srcset=\"https:\/\/i0.wp.com\/www.valkeaunelma.fi\/valk_www\/wp-content\/uploads\/2015\/03\/Penkki1.jpg?w=500&amp;ssl=1 500w, https:\/\/i0.wp.com\/www.valkeaunelma.fi\/valk_www\/wp-content\/uploads\/2015\/03\/Penkki1.jpg?resize=300%2C225&amp;ssl=1 300w\" sizes=\"auto, (max-width: 500px) 100vw, 500px\" \/><\/a> <a href=\"https:\/\/i0.wp.com\/www.valkeaunelma.fi\/valk_www\/wp-content\/uploads\/2015\/03\/Sauna_varasto_rakennus.jpg?ssl=1\"><img data-recalc-dims=\"1\" loading=\"lazy\" decoding=\"async\" class=\"alignnone size-large wp-image-380\" src=\"https:\/\/i0.wp.com\/www.valkeaunelma.fi\/valk_www\/wp-content\/uploads\/2015\/03\/Sauna_varasto_rakennus.jpg?resize=500%2C375&#038;ssl=1\" alt=\"Sauna_varasto_rakennus\" width=\"500\" height=\"375\" srcset=\"https:\/\/i0.wp.com\/www.valkeaunelma.fi\/valk_www\/wp-content\/uploads\/2015\/03\/Sauna_varasto_rakennus.jpg?w=500&amp;ssl=1 500w, https:\/\/i0.wp.com\/www.valkeaunelma.fi\/valk_www\/wp-content\/uploads\/2015\/03\/Sauna_varasto_rakennus.jpg?resize=300%2C225&amp;ssl=1 300w\" sizes=\"auto, (max-width: 500px) 100vw, 500px\" \/><\/a><\/p>\n","protected":false},"excerpt":{"rendered":"<p>8\/2012<\/p>\n","protected":false},"author":3,"featured_media":0,"comment_status":"closed","ping_status":"closed","sticky":false,"template":"","format":"standard","meta":{"ngg_post_thumbnail":0,"_jetpack_memberships_contains_paid_content":false,"footnotes":""},"categories":[12],"tags":[],"class_list":["post-375","post","type-post","status-publish","format-standard","hentry","category-sylvin-mokki"],"jetpack_featured_media_url":"","jetpack_sharing_enabled":true,"_links":{"self":[{"href":"https:\/\/www.valkeaunelma.fi\/valk_www\/index.php?rest_route=\/wp\/v2\/posts\/375","targetHints":{"allow":["GET"]}}],"collection":[{"href":"https:\/\/www.valkeaunelma.fi\/valk_www\/index.php?rest_route=\/wp\/v2\/posts"}],"about":[{"href":"https:\/\/www.valkeaunelma.fi\/valk_www\/index.php?rest_route=\/wp\/v2\/types\/post"}],"author":[{"embeddable":true,"href":"https:\/\/www.valkeaunelma.fi\/valk_www\/index.php?rest_route=\/wp\/v2\/users\/3"}],"replies":[{"embeddable":true,"href":"https:\/\/www.valkeaunelma.fi\/valk_www\/index.php?rest_route=%2Fwp%2Fv2%2Fcomments&post=375"}],"version-history":[{"count":1,"href":"https:\/\/www.valkeaunelma.fi\/valk_www\/index.php?rest_route=\/wp\/v2\/posts\/375\/revisions"}],"predecessor-version":[{"id":1662,"href":"https:\/\/www.valkeaunelma.fi\/valk_www\/index.php?rest_route=\/wp\/v2\/posts\/375\/revisions\/1662"}],"wp:attachment":[{"href":"https:\/\/www.valkeaunelma.fi\/valk_www\/index.php?rest_route=%2Fwp%2Fv2%2Fmedia&parent=375"}],"wp:term":[{"taxonomy":"category","embeddable":true,"href":"https:\/\/www.valkeaunelma.fi\/valk_www\/index.php?rest_route=%2Fwp%2Fv2%2Fcategories&post=375"},{"taxonomy":"post_tag","embeddable":true,"href":"https:\/\/www.valkeaunelma.fi\/valk_www\/index.php?rest_route=%2Fwp%2Fv2%2Ftags&post=375"}],"curies":[{"name":"wp","href":"https:\/\/api.w.org\/{rel}","templated":true}]}}