{"id":382,"date":"2012-07-01T16:02:55","date_gmt":"2012-07-01T16:02:55","guid":{"rendered":"http:\/\/31.217.196.205\/~mrqxsqrz\/valk_www\/?p=382"},"modified":"2022-09-20T17:00:27","modified_gmt":"2022-09-20T17:00:27","slug":"uusi-piha-aita","status":"publish","type":"post","link":"https:\/\/www.valkeaunelma.fi\/valk_www\/?p=382","title":{"rendered":"Uusi piha-aita"},"content":{"rendered":"<p><a href=\"https:\/\/i0.wp.com\/www.valkeaunelma.fi\/valk_www\/wp-content\/uploads\/2015\/03\/Uusi_piha_aita.jpg?ssl=1\"><img data-recalc-dims=\"1\" loading=\"lazy\" decoding=\"async\" class=\"alignnone size-large wp-image-383\" src=\"https:\/\/i0.wp.com\/www.valkeaunelma.fi\/valk_www\/wp-content\/uploads\/2015\/03\/Uusi_piha_aita.jpg?resize=604%2C453&#038;ssl=1\" alt=\"Uusi_piha_aita\" width=\"604\" height=\"453\" srcset=\"https:\/\/i0.wp.com\/www.valkeaunelma.fi\/valk_www\/wp-content\/uploads\/2015\/03\/Uusi_piha_aita.jpg?resize=1024%2C768&amp;ssl=1 1024w, https:\/\/i0.wp.com\/www.valkeaunelma.fi\/valk_www\/wp-content\/uploads\/2015\/03\/Uusi_piha_aita.jpg?resize=300%2C225&amp;ssl=1 300w, https:\/\/i0.wp.com\/www.valkeaunelma.fi\/valk_www\/wp-content\/uploads\/2015\/03\/Uusi_piha_aita.jpg?w=1800&amp;ssl=1 1800w, https:\/\/i0.wp.com\/www.valkeaunelma.fi\/valk_www\/wp-content\/uploads\/2015\/03\/Uusi_piha_aita.jpg?w=1208&amp;ssl=1 1208w\" sizes=\"auto, (max-width: 604px) 100vw, 604px\" \/><\/a>\u00a07\/2012<br \/>\nT\u00e4n\u00e4 kes\u00e4n\u00e4 meni sitten meid\u00e4n piha-aita kokonaan uusiksi&#8230; Olemme venytt\u00e4neet t\u00e4t\u00e4 &#8221;hintavaa&#8221; projektia, mutta kerran aita lopultakin kaatui niin olihan se pakko vaihtaa. Tarkoitus oli jo viime kes\u00e4n\u00e4 tehd\u00e4 uusi aita, mutta kerran se viel\u00e4 pysyi jotenkin pystyss\u00e4 niin asia j\u00e4i siihen. Talvella runsas lumi sitten teki teht\u00e4v\u00e4ns\u00e4 ja kev\u00e4\u00e4ll\u00e4 osa aidasta kaatui. Viel\u00e4 hetken saimme tuettuna aidan &#8221;suojaamaan pihapiiri\u00e4&#8221;, l\u00e4hinn\u00e4 ettei koira l\u00e4htisi omille teilleen. Olihan se entinen aita toki jo el\u00e4m\u00e4\u00e4 n\u00e4hnyt, v\u00e4ri vaihtunut alkuper\u00e4isest\u00e4 kelta\/valkoisesta t\u00e4ysin valkoiseksi ja lopulta lahonnut l\u00e4hes kokonaan. Mutta nyt on tilalla t\u00e4m\u00e4 kaunis ja yksinkertainen aita, malliltaan Selko. Jotta t\u00e4m\u00e4 aita palvelisi pidemp\u00e4\u00e4n uhrasimme kierrepaalut tolpille. Miehell\u00e4 oli t\u00e4ysi ty\u00f6 ruuvata paalut k\u00e4sin maahan. Onneksi loppusuoralla vain yksi kivi tuli vastaan ja suunnitelmia piti v\u00e4h\u00e4n muuttaa. Tolpat mies teki hiotusta kestopuusta ja v\u00e4h\u00e4n paksummasta kun aikaisemmin. Lopulta ostimme viel\u00e4 Biltemasta edulliset pallolliset, sinkkiset tolpanhatut koristeeksi tolpille ja toki suojaamaan. Oikeastaan koko kes\u00e4 meni siin\u00e4 kun ensinn\u00e4kin maalasimme 20 elementti\u00e4 p\u00e4\u00e4lilautoineen kertaalleen ja sitten vanhan aidan purku ja poisvienti sek\u00e4 sitten vasta varsinaiseen pystytys projektiin. Viel\u00e4 viimestely ja ruuvinkannat t\u00f6psyttelin pikkupensselill\u00e4 piiloon. Kyll\u00e4 siin\u00e4 meinasi itku jo v\u00e4lill\u00e4 tulla kun kes\u00e4 oli mit\u00e4 oli ilmojen suhteen. Lopputulokseen olemme kuitenkin tyytyv\u00e4isi\u00e4 ja nyt koirakin saa vapaasti temmelt\u00e4\u00e4 pitkin pihaa. Piha on saanut &#8221;uudet kehykset&#8221; ja t\u00e4ysin uuden ilmeen.<\/p>\n<p><!--more--><\/p>\n<p>Kuvassa my\u00f6s meid\u00e4n, jo vuosia palvellut, ihana Aurinko portti. Suunnittelimme itse portin ja rakas veljeni hitsasi koko luomuksen kasaan. Osat ostimme Rusticalta. Viel\u00e4 pulverimaalaus ja paikoilleen asettaminen. Kaunis siit\u00e4 kielt\u00e4m\u00e4tt\u00e4 tuli ja varmasti toista samanlaista ei tule koskaan vastaan. Harmikseni portin alla t\u00e4ytyy pit\u00e4\u00e4 &#8221;laudat&#8221;, jottei meid\u00e4n &#8221;kirppu&#8221; koira p\u00e4\u00e4se karkuteille. Kummasti oma silm\u00e4 vain tottuu niit\u00e4 katselemaan. Portin vieress\u00e4 iso siili poikasineen toivottaa yst\u00e4v\u00e4t ja vieraat tervetulleiksi.<\/p>\n<p><a href=\"https:\/\/i0.wp.com\/www.valkeaunelma.fi\/valk_www\/wp-content\/uploads\/2015\/03\/Aita_valmiina.jpg?ssl=1\"><img data-recalc-dims=\"1\" loading=\"lazy\" decoding=\"async\" class=\"alignnone size-large wp-image-384\" src=\"https:\/\/i0.wp.com\/www.valkeaunelma.fi\/valk_www\/wp-content\/uploads\/2015\/03\/Aita_valmiina.jpg?resize=500%2C374&#038;ssl=1\" alt=\"Aita_valmiina\" width=\"500\" height=\"374\" srcset=\"https:\/\/i0.wp.com\/www.valkeaunelma.fi\/valk_www\/wp-content\/uploads\/2015\/03\/Aita_valmiina.jpg?w=500&amp;ssl=1 500w, https:\/\/i0.wp.com\/www.valkeaunelma.fi\/valk_www\/wp-content\/uploads\/2015\/03\/Aita_valmiina.jpg?resize=300%2C224&amp;ssl=1 300w\" sizes=\"auto, (max-width: 500px) 100vw, 500px\" \/><\/a> <a href=\"https:\/\/i0.wp.com\/www.valkeaunelma.fi\/valk_www\/wp-content\/uploads\/2015\/03\/Portti_ja_aita.jpg?ssl=1\"><img data-recalc-dims=\"1\" loading=\"lazy\" decoding=\"async\" class=\"alignnone size-large wp-image-385\" src=\"https:\/\/i0.wp.com\/www.valkeaunelma.fi\/valk_www\/wp-content\/uploads\/2015\/03\/Portti_ja_aita.jpg?resize=500%2C374&#038;ssl=1\" alt=\"Portti_ja_aita\" width=\"500\" height=\"374\" srcset=\"https:\/\/i0.wp.com\/www.valkeaunelma.fi\/valk_www\/wp-content\/uploads\/2015\/03\/Portti_ja_aita.jpg?w=500&amp;ssl=1 500w, https:\/\/i0.wp.com\/www.valkeaunelma.fi\/valk_www\/wp-content\/uploads\/2015\/03\/Portti_ja_aita.jpg?resize=300%2C224&amp;ssl=1 300w\" sizes=\"auto, (max-width: 500px) 100vw, 500px\" \/><\/a> <a href=\"https:\/\/i0.wp.com\/www.valkeaunelma.fi\/valk_www\/wp-content\/uploads\/2015\/03\/Portti_lahelta.jpg?ssl=1\"><img data-recalc-dims=\"1\" loading=\"lazy\" decoding=\"async\" class=\"alignnone size-large wp-image-386\" src=\"https:\/\/i0.wp.com\/www.valkeaunelma.fi\/valk_www\/wp-content\/uploads\/2015\/03\/Portti_lahelta.jpg?resize=500%2C374&#038;ssl=1\" alt=\"Portti_lahelta\" width=\"500\" height=\"374\" srcset=\"https:\/\/i0.wp.com\/www.valkeaunelma.fi\/valk_www\/wp-content\/uploads\/2015\/03\/Portti_lahelta.jpg?w=500&amp;ssl=1 500w, https:\/\/i0.wp.com\/www.valkeaunelma.fi\/valk_www\/wp-content\/uploads\/2015\/03\/Portti_lahelta.jpg?resize=300%2C224&amp;ssl=1 300w\" sizes=\"auto, (max-width: 500px) 100vw, 500px\" \/><\/a> <a href=\"https:\/\/i0.wp.com\/www.valkeaunelma.fi\/valk_www\/wp-content\/uploads\/2015\/03\/Aidan_vierus_kivet.jpg?ssl=1\"><img data-recalc-dims=\"1\" loading=\"lazy\" decoding=\"async\" class=\"alignnone size-large wp-image-387\" src=\"https:\/\/i0.wp.com\/www.valkeaunelma.fi\/valk_www\/wp-content\/uploads\/2015\/03\/Aidan_vierus_kivet.jpg?resize=500%2C374&#038;ssl=1\" alt=\"Aidan_vierus_kivet\" width=\"500\" height=\"374\" srcset=\"https:\/\/i0.wp.com\/www.valkeaunelma.fi\/valk_www\/wp-content\/uploads\/2015\/03\/Aidan_vierus_kivet.jpg?w=500&amp;ssl=1 500w, https:\/\/i0.wp.com\/www.valkeaunelma.fi\/valk_www\/wp-content\/uploads\/2015\/03\/Aidan_vierus_kivet.jpg?resize=300%2C224&amp;ssl=1 300w\" sizes=\"auto, (max-width: 500px) 100vw, 500px\" \/><\/a><\/p>\n<p>&nbsp;<\/p>\n","protected":false},"excerpt":{"rendered":"<p>\u00a07\/2012 T\u00e4n\u00e4 kes\u00e4n\u00e4 meni sitten meid\u00e4n piha-aita kokonaan uusiksi&#8230; Olemme venytt\u00e4neet t\u00e4t\u00e4 &#8221;hintavaa&#8221; projektia, mutta kerran aita lopultakin kaatui niin olihan se pakko vaihtaa. Tarkoitus oli jo viime kes\u00e4n\u00e4 tehd\u00e4 uusi aita, mutta kerran se viel\u00e4 pysyi jotenkin pystyss\u00e4 niin asia j\u00e4i siihen. Talvella runsas lumi sitten teki teht\u00e4v\u00e4ns\u00e4 ja kev\u00e4\u00e4ll\u00e4 osa aidasta kaatui. Viel\u00e4 &hellip; <a href=\"https:\/\/www.valkeaunelma.fi\/valk_www\/?p=382\" class=\"more-link\">Jatka lukemista <span class=\"screen-reader-text\">Uusi piha-aita<\/span> <span class=\"meta-nav\">&rarr;<\/span><\/a><\/p>\n","protected":false},"author":3,"featured_media":0,"comment_status":"closed","ping_status":"closed","sticky":false,"template":"","format":"standard","meta":{"ngg_post_thumbnail":0,"_jetpack_memberships_contains_paid_content":false,"footnotes":""},"categories":[24],"tags":[],"class_list":["post-382","post","type-post","status-publish","format-standard","hentry","category-remontit-2"],"jetpack_featured_media_url":"","jetpack_sharing_enabled":true,"_links":{"self":[{"href":"https:\/\/www.valkeaunelma.fi\/valk_www\/index.php?rest_route=\/wp\/v2\/posts\/382","targetHints":{"allow":["GET"]}}],"collection":[{"href":"https:\/\/www.valkeaunelma.fi\/valk_www\/index.php?rest_route=\/wp\/v2\/posts"}],"about":[{"href":"https:\/\/www.valkeaunelma.fi\/valk_www\/index.php?rest_route=\/wp\/v2\/types\/post"}],"author":[{"embeddable":true,"href":"https:\/\/www.valkeaunelma.fi\/valk_www\/index.php?rest_route=\/wp\/v2\/users\/3"}],"replies":[{"embeddable":true,"href":"https:\/\/www.valkeaunelma.fi\/valk_www\/index.php?rest_route=%2Fwp%2Fv2%2Fcomments&post=382"}],"version-history":[{"count":1,"href":"https:\/\/www.valkeaunelma.fi\/valk_www\/index.php?rest_route=\/wp\/v2\/posts\/382\/revisions"}],"predecessor-version":[{"id":3657,"href":"https:\/\/www.valkeaunelma.fi\/valk_www\/index.php?rest_route=\/wp\/v2\/posts\/382\/revisions\/3657"}],"wp:attachment":[{"href":"https:\/\/www.valkeaunelma.fi\/valk_www\/index.php?rest_route=%2Fwp%2Fv2%2Fmedia&parent=382"}],"wp:term":[{"taxonomy":"category","embeddable":true,"href":"https:\/\/www.valkeaunelma.fi\/valk_www\/index.php?rest_route=%2Fwp%2Fv2%2Fcategories&post=382"},{"taxonomy":"post_tag","embeddable":true,"href":"https:\/\/www.valkeaunelma.fi\/valk_www\/index.php?rest_route=%2Fwp%2Fv2%2Ftags&post=382"}],"curies":[{"name":"wp","href":"https:\/\/api.w.org\/{rel}","templated":true}]}}