{"id":4599,"date":"2019-05-19T16:31:21","date_gmt":"2019-05-19T13:31:21","guid":{"rendered":"http:\/\/31.217.196.205\/~mrqxsqrz\/valk_www\/?p=4599"},"modified":"2023-09-13T20:42:29","modified_gmt":"2023-09-13T17:42:29","slug":"kesan-sivupoyta-%f0%9f%92%95","status":"publish","type":"post","link":"https:\/\/www.valkeaunelma.fi\/valk_www\/?p=4599","title":{"rendered":"Kes\u00e4n sivup\u00f6yt\u00e4 \ud83d\udc95"},"content":{"rendered":"<p>5\/2019<\/p>\n<p>Vaimo suunnitteli\/maalasi ja mies toteutti. P\u00f6yt\u00e4 on tehty j\u00e4m\u00e4puista. Vanha ikkunanpoka on tuunattu. Kyll\u00e4 kelpaa&nbsp; \ud83d\udc95\ud83d\udc95<\/p>\n<p><img data-recalc-dims=\"1\" loading=\"lazy\" decoding=\"async\" class=\"alignnone wp-image-4592 size-full\" src=\"https:\/\/i0.wp.com\/www.valkeaunelma.fi\/valk_www\/wp-content\/uploads\/2019\/05\/img_4992-e1558619554416.jpg?resize=604%2C805&#038;ssl=1\" alt=\"\" width=\"604\" height=\"805\" srcset=\"https:\/\/i0.wp.com\/www.valkeaunelma.fi\/valk_www\/wp-content\/uploads\/2019\/05\/img_4992-e1558619554416.jpg?w=900&amp;ssl=1 900w, https:\/\/i0.wp.com\/www.valkeaunelma.fi\/valk_www\/wp-content\/uploads\/2019\/05\/img_4992-e1558619554416.jpg?resize=225%2C300&amp;ssl=1 225w, https:\/\/i0.wp.com\/www.valkeaunelma.fi\/valk_www\/wp-content\/uploads\/2019\/05\/img_4992-e1558619554416.jpg?resize=768%2C1024&amp;ssl=1 768w\" sizes=\"auto, (max-width: 604px) 100vw, 604px\" \/><\/p>\n<p><!--more--><\/p>\n<p><img data-recalc-dims=\"1\" loading=\"lazy\" decoding=\"async\" class=\"alignnone wp-image-4594 size-full\" src=\"https:\/\/i0.wp.com\/www.valkeaunelma.fi\/valk_www\/wp-content\/uploads\/2019\/05\/img_4998-1-e1558619584697.jpg?resize=604%2C805&#038;ssl=1\" alt=\"\" width=\"604\" height=\"805\" srcset=\"https:\/\/i0.wp.com\/www.valkeaunelma.fi\/valk_www\/wp-content\/uploads\/2019\/05\/img_4998-1-e1558619584697.jpg?w=900&amp;ssl=1 900w, https:\/\/i0.wp.com\/www.valkeaunelma.fi\/valk_www\/wp-content\/uploads\/2019\/05\/img_4998-1-e1558619584697.jpg?resize=225%2C300&amp;ssl=1 225w, https:\/\/i0.wp.com\/www.valkeaunelma.fi\/valk_www\/wp-content\/uploads\/2019\/05\/img_4998-1-e1558619584697.jpg?resize=768%2C1024&amp;ssl=1 768w\" sizes=\"auto, (max-width: 604px) 100vw, 604px\" \/><img data-recalc-dims=\"1\" loading=\"lazy\" decoding=\"async\" class=\"alignnone wp-image-4595 size-full\" src=\"https:\/\/i0.wp.com\/www.valkeaunelma.fi\/valk_www\/wp-content\/uploads\/2019\/05\/img_5004-e1558619609379.jpg?resize=604%2C805&#038;ssl=1\" alt=\"\" width=\"604\" height=\"805\" srcset=\"https:\/\/i0.wp.com\/www.valkeaunelma.fi\/valk_www\/wp-content\/uploads\/2019\/05\/img_5004-e1558619609379.jpg?w=900&amp;ssl=1 900w, https:\/\/i0.wp.com\/www.valkeaunelma.fi\/valk_www\/wp-content\/uploads\/2019\/05\/img_5004-e1558619609379.jpg?resize=225%2C300&amp;ssl=1 225w, https:\/\/i0.wp.com\/www.valkeaunelma.fi\/valk_www\/wp-content\/uploads\/2019\/05\/img_5004-e1558619609379.jpg?resize=768%2C1024&amp;ssl=1 768w\" sizes=\"auto, (max-width: 604px) 100vw, 604px\" \/><\/p>\n<p>Sain ikkunan ilmaiseksi torista. T\u00e4ss\u00e4 kuvassa poka on jo putsattu ja siihen on laitettu helat kulmiin. Ikkunanpoka oli todella kurjassa kunnossa. Nyt ikkunalla on uusi el\u00e4m\u00e4 ja k\u00e4ytt\u00f6tarkoitus.<\/p>\n<p><img data-recalc-dims=\"1\" loading=\"lazy\" decoding=\"async\" class=\"size-full wp-image-4598\" src=\"https:\/\/i0.wp.com\/www.valkeaunelma.fi\/valk_www\/wp-content\/uploads\/2019\/05\/img_4949.png?resize=604%2C1074&#038;ssl=1\" width=\"604\" height=\"1074\" srcset=\"https:\/\/i0.wp.com\/www.valkeaunelma.fi\/valk_www\/wp-content\/uploads\/2019\/05\/img_4949.png?w=675&amp;ssl=1 675w, https:\/\/i0.wp.com\/www.valkeaunelma.fi\/valk_www\/wp-content\/uploads\/2019\/05\/img_4949.png?resize=169%2C300&amp;ssl=1 169w, https:\/\/i0.wp.com\/www.valkeaunelma.fi\/valk_www\/wp-content\/uploads\/2019\/05\/img_4949.png?resize=576%2C1024&amp;ssl=1 576w\" sizes=\"auto, (max-width: 604px) 100vw, 604px\" \/><img data-recalc-dims=\"1\" loading=\"lazy\" decoding=\"async\" class=\"alignnone wp-image-4596 size-full\" src=\"https:\/\/i0.wp.com\/www.valkeaunelma.fi\/valk_www\/wp-content\/uploads\/2019\/05\/img_4908-e1558619638156.jpg?resize=604%2C805&#038;ssl=1\" alt=\"\" width=\"604\" height=\"805\" srcset=\"https:\/\/i0.wp.com\/www.valkeaunelma.fi\/valk_www\/wp-content\/uploads\/2019\/05\/img_4908-e1558619638156.jpg?w=900&amp;ssl=1 900w, https:\/\/i0.wp.com\/www.valkeaunelma.fi\/valk_www\/wp-content\/uploads\/2019\/05\/img_4908-e1558619638156.jpg?resize=225%2C300&amp;ssl=1 225w, https:\/\/i0.wp.com\/www.valkeaunelma.fi\/valk_www\/wp-content\/uploads\/2019\/05\/img_4908-e1558619638156.jpg?resize=768%2C1024&amp;ssl=1 768w\" sizes=\"auto, (max-width: 604px) 100vw, 604px\" \/><img data-recalc-dims=\"1\" loading=\"lazy\" decoding=\"async\" class=\"alignnone wp-image-4597 size-full\" src=\"https:\/\/i0.wp.com\/www.valkeaunelma.fi\/valk_www\/wp-content\/uploads\/2019\/05\/img_4909-e1558619661649.jpg?resize=604%2C805&#038;ssl=1\" alt=\"\" width=\"604\" height=\"805\" srcset=\"https:\/\/i0.wp.com\/www.valkeaunelma.fi\/valk_www\/wp-content\/uploads\/2019\/05\/img_4909-e1558619661649.jpg?w=900&amp;ssl=1 900w, https:\/\/i0.wp.com\/www.valkeaunelma.fi\/valk_www\/wp-content\/uploads\/2019\/05\/img_4909-e1558619661649.jpg?resize=225%2C300&amp;ssl=1 225w, https:\/\/i0.wp.com\/www.valkeaunelma.fi\/valk_www\/wp-content\/uploads\/2019\/05\/img_4909-e1558619661649.jpg?resize=768%2C1024&amp;ssl=1 768w\" sizes=\"auto, (max-width: 604px) 100vw, 604px\" \/><\/p>\n","protected":false},"excerpt":{"rendered":"<p>5\/2019 Vaimo suunnitteli\/maalasi ja mies toteutti. P\u00f6yt\u00e4 on tehty j\u00e4m\u00e4puista. Vanha ikkunanpoka on tuunattu. Kyll\u00e4 kelpaa&nbsp; \ud83d\udc95\ud83d\udc95<\/p>\n","protected":false},"author":3,"featured_media":0,"comment_status":"closed","ping_status":"closed","sticky":false,"template":"","format":"standard","meta":{"ngg_post_thumbnail":0,"_jetpack_memberships_contains_paid_content":false,"footnotes":""},"categories":[25],"tags":[],"class_list":["post-4599","post","type-post","status-publish","format-standard","hentry","category-sisustus"],"jetpack_featured_media_url":"","jetpack_sharing_enabled":true,"_links":{"self":[{"href":"https:\/\/www.valkeaunelma.fi\/valk_www\/index.php?rest_route=\/wp\/v2\/posts\/4599","targetHints":{"allow":["GET"]}}],"collection":[{"href":"https:\/\/www.valkeaunelma.fi\/valk_www\/index.php?rest_route=\/wp\/v2\/posts"}],"about":[{"href":"https:\/\/www.valkeaunelma.fi\/valk_www\/index.php?rest_route=\/wp\/v2\/types\/post"}],"author":[{"embeddable":true,"href":"https:\/\/www.valkeaunelma.fi\/valk_www\/index.php?rest_route=\/wp\/v2\/users\/3"}],"replies":[{"embeddable":true,"href":"https:\/\/www.valkeaunelma.fi\/valk_www\/index.php?rest_route=%2Fwp%2Fv2%2Fcomments&post=4599"}],"version-history":[{"count":5,"href":"https:\/\/www.valkeaunelma.fi\/valk_www\/index.php?rest_route=\/wp\/v2\/posts\/4599\/revisions"}],"predecessor-version":[{"id":5141,"href":"https:\/\/www.valkeaunelma.fi\/valk_www\/index.php?rest_route=\/wp\/v2\/posts\/4599\/revisions\/5141"}],"wp:attachment":[{"href":"https:\/\/www.valkeaunelma.fi\/valk_www\/index.php?rest_route=%2Fwp%2Fv2%2Fmedia&parent=4599"}],"wp:term":[{"taxonomy":"category","embeddable":true,"href":"https:\/\/www.valkeaunelma.fi\/valk_www\/index.php?rest_route=%2Fwp%2Fv2%2Fcategories&post=4599"},{"taxonomy":"post_tag","embeddable":true,"href":"https:\/\/www.valkeaunelma.fi\/valk_www\/index.php?rest_route=%2Fwp%2Fv2%2Ftags&post=4599"}],"curies":[{"name":"wp","href":"https:\/\/api.w.org\/{rel}","templated":true}]}}