{"id":474,"date":"2011-08-12T16:40:14","date_gmt":"2011-08-12T16:40:14","guid":{"rendered":"http:\/\/31.217.196.205\/~mrqxsqrz\/valk_www\/?p=474"},"modified":"2017-08-21T16:26:41","modified_gmt":"2017-08-21T16:26:41","slug":"arkun-uusi-elama","status":"publish","type":"post","link":"https:\/\/www.valkeaunelma.fi\/valk_www\/?p=474","title":{"rendered":"Arkun uusi el\u00e4m\u00e4"},"content":{"rendered":"<p><a href=\"https:\/\/i0.wp.com\/www.valkeaunelma.fi\/valk_www\/wp-content\/uploads\/2015\/03\/Arkun_uusi_el__m_4e92df5e3c652.jpg?ssl=1\"><img data-recalc-dims=\"1\" loading=\"lazy\" decoding=\"async\" class=\"alignnone size-large wp-image-475\" src=\"https:\/\/i0.wp.com\/www.valkeaunelma.fi\/valk_www\/wp-content\/uploads\/2015\/03\/Arkun_uusi_el__m_4e92df5e3c652.jpg?resize=604%2C453&#038;ssl=1\" alt=\"Arkun_uusi_el__m_4e92df5e3c652\" width=\"604\" height=\"453\" srcset=\"https:\/\/i0.wp.com\/www.valkeaunelma.fi\/valk_www\/wp-content\/uploads\/2015\/03\/Arkun_uusi_el__m_4e92df5e3c652.jpg?resize=1024%2C768&amp;ssl=1 1024w, https:\/\/i0.wp.com\/www.valkeaunelma.fi\/valk_www\/wp-content\/uploads\/2015\/03\/Arkun_uusi_el__m_4e92df5e3c652.jpg?resize=300%2C225&amp;ssl=1 300w, https:\/\/i0.wp.com\/www.valkeaunelma.fi\/valk_www\/wp-content\/uploads\/2015\/03\/Arkun_uusi_el__m_4e92df5e3c652.jpg?w=1200&amp;ssl=1 1200w\" sizes=\"auto, (max-width: 604px) 100vw, 604px\" \/><\/a>\u00a0T\u00e4m\u00e4 on Ikean m\u00e4ntypuinen, k\u00e4sittelem\u00e4t\u00f6n arkku. Todella monik\u00e4ytt\u00f6inen ja ollut meill\u00e4 jo jonkin aikaa, kuten kuvasta n\u00e4kyy. Alkujaan arkku on viett\u00e4nyt aikaansa meid\u00e4n makuuhuoneen s\u00e4ngyn jalkop\u00e4\u00e4dyss\u00e4, oivallinen kapistus petivaatteille. Suunnitteilla sitten joskus kun tyt\u00e4r saa oman huoneen niin arkku siirtyy sitten sinne. Maalasin arkun vaaleaksi ja laitoin kauniit tekstit ja lopputulos on silm\u00e4\u00e4 miellytt\u00e4v\u00e4.<\/p>\n<p><!--more--><\/p>\n<p><a href=\"https:\/\/i0.wp.com\/www.valkeaunelma.fi\/valk_www\/wp-content\/uploads\/2015\/03\/Puuarkku_La_maison.jpg?ssl=1\"><img data-recalc-dims=\"1\" loading=\"lazy\" decoding=\"async\" class=\"alignnone size-large wp-image-476\" src=\"https:\/\/i0.wp.com\/www.valkeaunelma.fi\/valk_www\/wp-content\/uploads\/2015\/03\/Puuarkku_La_maison.jpg?resize=500%2C374&#038;ssl=1\" alt=\"Puuarkku_La_maison\" width=\"500\" height=\"374\" srcset=\"https:\/\/i0.wp.com\/www.valkeaunelma.fi\/valk_www\/wp-content\/uploads\/2015\/03\/Puuarkku_La_maison.jpg?w=500&amp;ssl=1 500w, https:\/\/i0.wp.com\/www.valkeaunelma.fi\/valk_www\/wp-content\/uploads\/2015\/03\/Puuarkku_La_maison.jpg?resize=300%2C224&amp;ssl=1 300w\" sizes=\"auto, (max-width: 500px) 100vw, 500px\" \/><\/a><\/p>\n<p><a href=\"https:\/\/i0.wp.com\/www.valkeaunelma.fi\/valk_www\/wp-content\/uploads\/2015\/03\/IMG_1685.jpg?ssl=1\"><img data-recalc-dims=\"1\" loading=\"lazy\" decoding=\"async\" class=\"alignnone  wp-image-706\" src=\"https:\/\/i0.wp.com\/www.valkeaunelma.fi\/valk_www\/wp-content\/uploads\/2015\/03\/IMG_1685.jpg?resize=500%2C693&#038;ssl=1\" alt=\"IMG_1685.JPG\" width=\"500\" height=\"693\" \/><\/a><\/p>\n","protected":false},"excerpt":{"rendered":"<p>\u00a0T\u00e4m\u00e4 on Ikean m\u00e4ntypuinen, k\u00e4sittelem\u00e4t\u00f6n arkku. Todella monik\u00e4ytt\u00f6inen ja ollut meill\u00e4 jo jonkin aikaa, kuten kuvasta n\u00e4kyy. Alkujaan arkku on viett\u00e4nyt aikaansa meid\u00e4n makuuhuoneen s\u00e4ngyn jalkop\u00e4\u00e4dyss\u00e4, oivallinen kapistus petivaatteille. Suunnitteilla sitten joskus kun tyt\u00e4r saa oman huoneen niin arkku siirtyy sitten sinne. Maalasin arkun vaaleaksi ja laitoin kauniit tekstit ja lopputulos on silm\u00e4\u00e4 miellytt\u00e4v\u00e4.<\/p>\n","protected":false},"author":3,"featured_media":0,"comment_status":"closed","ping_status":"closed","sticky":false,"template":"","format":"standard","meta":{"ngg_post_thumbnail":0,"_jetpack_memberships_contains_paid_content":false,"footnotes":""},"categories":[13],"tags":[],"class_list":["post-474","post","type-post","status-publish","format-standard","hentry","category-tuunatut-huonekalut"],"jetpack_featured_media_url":"","jetpack_sharing_enabled":true,"_links":{"self":[{"href":"https:\/\/www.valkeaunelma.fi\/valk_www\/index.php?rest_route=\/wp\/v2\/posts\/474","targetHints":{"allow":["GET"]}}],"collection":[{"href":"https:\/\/www.valkeaunelma.fi\/valk_www\/index.php?rest_route=\/wp\/v2\/posts"}],"about":[{"href":"https:\/\/www.valkeaunelma.fi\/valk_www\/index.php?rest_route=\/wp\/v2\/types\/post"}],"author":[{"embeddable":true,"href":"https:\/\/www.valkeaunelma.fi\/valk_www\/index.php?rest_route=\/wp\/v2\/users\/3"}],"replies":[{"embeddable":true,"href":"https:\/\/www.valkeaunelma.fi\/valk_www\/index.php?rest_route=%2Fwp%2Fv2%2Fcomments&post=474"}],"version-history":[{"count":1,"href":"https:\/\/www.valkeaunelma.fi\/valk_www\/index.php?rest_route=\/wp\/v2\/posts\/474\/revisions"}],"predecessor-version":[{"id":3620,"href":"https:\/\/www.valkeaunelma.fi\/valk_www\/index.php?rest_route=\/wp\/v2\/posts\/474\/revisions\/3620"}],"wp:attachment":[{"href":"https:\/\/www.valkeaunelma.fi\/valk_www\/index.php?rest_route=%2Fwp%2Fv2%2Fmedia&parent=474"}],"wp:term":[{"taxonomy":"category","embeddable":true,"href":"https:\/\/www.valkeaunelma.fi\/valk_www\/index.php?rest_route=%2Fwp%2Fv2%2Fcategories&post=474"},{"taxonomy":"post_tag","embeddable":true,"href":"https:\/\/www.valkeaunelma.fi\/valk_www\/index.php?rest_route=%2Fwp%2Fv2%2Ftags&post=474"}],"curies":[{"name":"wp","href":"https:\/\/api.w.org\/{rel}","templated":true}]}}