{"id":4755,"date":"2019-08-11T18:59:00","date_gmt":"2019-08-11T18:59:00","guid":{"rendered":"http:\/\/31.217.196.205\/~mrqxsqrz\/valk_www\/remontit\/mimosan-%e2%9d%a4%ef%b8%8f-lipastokodin-lisasiipi\/"},"modified":"2021-11-28T17:06:32","modified_gmt":"2021-11-28T17:06:32","slug":"mimosan-%e2%9d%a4%ef%b8%8f-lipastokodin-lisasiipi","status":"publish","type":"post","link":"https:\/\/www.valkeaunelma.fi\/valk_www\/?p=4755","title":{"rendered":"Mimosan \u2764\ufe0f lipastokodin lis\u00e4siipi"},"content":{"rendered":"<p>8\/2019<\/p>\n<p>Rakensimme aikoinaan meid\u00e4n, jo edesmenneelle pupulle, lipastokodin. Nyt lipastokodissa asustaa uusi perheenj\u00e4sen Mimosa. Mies teki nyt lipastokotiin lis\u00e4siiven. Vaimo suunnitteli ja mies toteutti. Kaunis ja k\u00e4yt\u00e4nn\u00f6llinen lopputulos!<\/p>\n<p><img data-recalc-dims=\"1\" loading=\"lazy\" decoding=\"async\" class=\"size-full wp-image-4746\" src=\"https:\/\/i0.wp.com\/www.valkeaunelma.fi\/valk_www\/wp-content\/uploads\/2019\/08\/img_6971.jpg?resize=604%2C805&#038;ssl=1\" width=\"604\" height=\"805\" srcset=\"https:\/\/i0.wp.com\/www.valkeaunelma.fi\/valk_www\/wp-content\/uploads\/2019\/08\/img_6971.jpg?w=900&amp;ssl=1 900w, https:\/\/i0.wp.com\/www.valkeaunelma.fi\/valk_www\/wp-content\/uploads\/2019\/08\/img_6971.jpg?resize=225%2C300&amp;ssl=1 225w, https:\/\/i0.wp.com\/www.valkeaunelma.fi\/valk_www\/wp-content\/uploads\/2019\/08\/img_6971.jpg?resize=768%2C1024&amp;ssl=1 768w\" sizes=\"auto, (max-width: 604px) 100vw, 604px\" \/><\/p>\n<p><!--more--><\/p>\n<p><img data-recalc-dims=\"1\" loading=\"lazy\" decoding=\"async\" class=\"alignnone wp-image-4747 size-full\" src=\"https:\/\/i0.wp.com\/www.valkeaunelma.fi\/valk_www\/wp-content\/uploads\/2019\/08\/img_6729-e1565620446929.jpg?resize=604%2C805&#038;ssl=1\" alt=\"\" width=\"604\" height=\"805\" srcset=\"https:\/\/i0.wp.com\/www.valkeaunelma.fi\/valk_www\/wp-content\/uploads\/2019\/08\/img_6729-e1565620446929.jpg?w=900&amp;ssl=1 900w, https:\/\/i0.wp.com\/www.valkeaunelma.fi\/valk_www\/wp-content\/uploads\/2019\/08\/img_6729-e1565620446929.jpg?resize=225%2C300&amp;ssl=1 225w, https:\/\/i0.wp.com\/www.valkeaunelma.fi\/valk_www\/wp-content\/uploads\/2019\/08\/img_6729-e1565620446929.jpg?resize=768%2C1024&amp;ssl=1 768w\" sizes=\"auto, (max-width: 604px) 100vw, 604px\" \/><\/p>\n<p>Lis\u00e4siipi on tehty vanerista. Lattia on suojattu matolla.<\/p>\n<p><img data-recalc-dims=\"1\" loading=\"lazy\" decoding=\"async\" class=\"alignnone wp-image-4748 size-full\" src=\"https:\/\/i0.wp.com\/www.valkeaunelma.fi\/valk_www\/wp-content\/uploads\/2019\/08\/img_6726-e1565620471518.jpg?resize=604%2C805&#038;ssl=1\" alt=\"\" width=\"604\" height=\"805\" srcset=\"https:\/\/i0.wp.com\/www.valkeaunelma.fi\/valk_www\/wp-content\/uploads\/2019\/08\/img_6726-e1565620471518.jpg?w=900&amp;ssl=1 900w, https:\/\/i0.wp.com\/www.valkeaunelma.fi\/valk_www\/wp-content\/uploads\/2019\/08\/img_6726-e1565620471518.jpg?resize=225%2C300&amp;ssl=1 225w, https:\/\/i0.wp.com\/www.valkeaunelma.fi\/valk_www\/wp-content\/uploads\/2019\/08\/img_6726-e1565620471518.jpg?resize=768%2C1024&amp;ssl=1 768w\" sizes=\"auto, (max-width: 604px) 100vw, 604px\" \/><\/p>\n<p>Lis\u00e4siipeen tehtiin ikkunat joka suuntaan, johon laitettiin verkkoa. N\u00e4in lis\u00e4siipi on valoisa, ilmava sek\u00e4 Mimosa n\u00e4kee mit\u00e4 ymp\u00e4rill\u00e4 tapahtuu.<\/p>\n<p><img data-recalc-dims=\"1\" loading=\"lazy\" decoding=\"async\" class=\"alignnone wp-image-4749 size-full\" src=\"https:\/\/i0.wp.com\/www.valkeaunelma.fi\/valk_www\/wp-content\/uploads\/2019\/08\/img_6896-e1565620495304.jpg?resize=604%2C805&#038;ssl=1\" alt=\"\" width=\"604\" height=\"805\" srcset=\"https:\/\/i0.wp.com\/www.valkeaunelma.fi\/valk_www\/wp-content\/uploads\/2019\/08\/img_6896-e1565620495304.jpg?w=900&amp;ssl=1 900w, https:\/\/i0.wp.com\/www.valkeaunelma.fi\/valk_www\/wp-content\/uploads\/2019\/08\/img_6896-e1565620495304.jpg?resize=225%2C300&amp;ssl=1 225w, https:\/\/i0.wp.com\/www.valkeaunelma.fi\/valk_www\/wp-content\/uploads\/2019\/08\/img_6896-e1565620495304.jpg?resize=768%2C1024&amp;ssl=1 768w\" sizes=\"auto, (max-width: 604px) 100vw, 604px\" \/><\/p>\n<p>Lis\u00e4siipeen laitettiin tapetit sek\u00e4 ikkunalistat ja kulmalistat.<\/p>\n<p><img data-recalc-dims=\"1\" loading=\"lazy\" decoding=\"async\" class=\"size-full wp-image-4750\" src=\"https:\/\/i0.wp.com\/www.valkeaunelma.fi\/valk_www\/wp-content\/uploads\/2019\/08\/img_6976.jpg?resize=604%2C805&#038;ssl=1\" width=\"604\" height=\"805\" srcset=\"https:\/\/i0.wp.com\/www.valkeaunelma.fi\/valk_www\/wp-content\/uploads\/2019\/08\/img_6976.jpg?w=900&amp;ssl=1 900w, https:\/\/i0.wp.com\/www.valkeaunelma.fi\/valk_www\/wp-content\/uploads\/2019\/08\/img_6976.jpg?resize=225%2C300&amp;ssl=1 225w, https:\/\/i0.wp.com\/www.valkeaunelma.fi\/valk_www\/wp-content\/uploads\/2019\/08\/img_6976.jpg?resize=768%2C1024&amp;ssl=1 768w\" sizes=\"auto, (max-width: 604px) 100vw, 604px\" \/><img data-recalc-dims=\"1\" loading=\"lazy\" decoding=\"async\" class=\"alignnone wp-image-4751 size-full\" src=\"https:\/\/i0.wp.com\/www.valkeaunelma.fi\/valk_www\/wp-content\/uploads\/2019\/08\/img_6977-e1565620522933.jpg?resize=604%2C805&#038;ssl=1\" alt=\"\" width=\"604\" height=\"805\" srcset=\"https:\/\/i0.wp.com\/www.valkeaunelma.fi\/valk_www\/wp-content\/uploads\/2019\/08\/img_6977-e1565620522933.jpg?w=900&amp;ssl=1 900w, https:\/\/i0.wp.com\/www.valkeaunelma.fi\/valk_www\/wp-content\/uploads\/2019\/08\/img_6977-e1565620522933.jpg?resize=225%2C300&amp;ssl=1 225w, https:\/\/i0.wp.com\/www.valkeaunelma.fi\/valk_www\/wp-content\/uploads\/2019\/08\/img_6977-e1565620522933.jpg?resize=768%2C1024&amp;ssl=1 768w\" sizes=\"auto, (max-width: 604px) 100vw, 604px\" \/><img data-recalc-dims=\"1\" loading=\"lazy\" decoding=\"async\" class=\"size-full wp-image-4752\" src=\"https:\/\/i0.wp.com\/www.valkeaunelma.fi\/valk_www\/wp-content\/uploads\/2019\/08\/img_6974.jpg?resize=604%2C805&#038;ssl=1\" width=\"604\" height=\"805\" srcset=\"https:\/\/i0.wp.com\/www.valkeaunelma.fi\/valk_www\/wp-content\/uploads\/2019\/08\/img_6974.jpg?w=900&amp;ssl=1 900w, https:\/\/i0.wp.com\/www.valkeaunelma.fi\/valk_www\/wp-content\/uploads\/2019\/08\/img_6974.jpg?resize=225%2C300&amp;ssl=1 225w, https:\/\/i0.wp.com\/www.valkeaunelma.fi\/valk_www\/wp-content\/uploads\/2019\/08\/img_6974.jpg?resize=768%2C1024&amp;ssl=1 768w\" sizes=\"auto, (max-width: 604px) 100vw, 604px\" \/><\/p>\n<p><img data-recalc-dims=\"1\" loading=\"lazy\" decoding=\"async\" class=\"size-full wp-image-4753\" src=\"https:\/\/i0.wp.com\/www.valkeaunelma.fi\/valk_www\/wp-content\/uploads\/2019\/08\/img_6973.jpg?resize=604%2C805&#038;ssl=1\" width=\"604\" height=\"805\" srcset=\"https:\/\/i0.wp.com\/www.valkeaunelma.fi\/valk_www\/wp-content\/uploads\/2019\/08\/img_6973.jpg?w=900&amp;ssl=1 900w, https:\/\/i0.wp.com\/www.valkeaunelma.fi\/valk_www\/wp-content\/uploads\/2019\/08\/img_6973.jpg?resize=225%2C300&amp;ssl=1 225w, https:\/\/i0.wp.com\/www.valkeaunelma.fi\/valk_www\/wp-content\/uploads\/2019\/08\/img_6973.jpg?resize=768%2C1024&amp;ssl=1 768w\" sizes=\"auto, (max-width: 604px) 100vw, 604px\" \/><\/p>\n<p>Y\u00f6ksi lipastokodin ovet sulkeutuu. Kyll\u00e4 nyt Mimosan kelpaa seikkailla, turvallisesti. Kerroksia t\u00e4ss\u00e4 on yhteens\u00e4 viisi. Mimosa ja \u00e4iti tykk\u00e4\u00e4!<\/p>\n<p><img data-recalc-dims=\"1\" loading=\"lazy\" decoding=\"async\" class=\"alignnone wp-image-4754 size-full\" src=\"https:\/\/i0.wp.com\/www.valkeaunelma.fi\/valk_www\/wp-content\/uploads\/2019\/08\/img_6972-e1565620549601.jpg?resize=604%2C805&#038;ssl=1\" alt=\"\" width=\"604\" height=\"805\" srcset=\"https:\/\/i0.wp.com\/www.valkeaunelma.fi\/valk_www\/wp-content\/uploads\/2019\/08\/img_6972-e1565620549601.jpg?w=900&amp;ssl=1 900w, https:\/\/i0.wp.com\/www.valkeaunelma.fi\/valk_www\/wp-content\/uploads\/2019\/08\/img_6972-e1565620549601.jpg?resize=225%2C300&amp;ssl=1 225w, https:\/\/i0.wp.com\/www.valkeaunelma.fi\/valk_www\/wp-content\/uploads\/2019\/08\/img_6972-e1565620549601.jpg?resize=768%2C1024&amp;ssl=1 768w\" sizes=\"auto, (max-width: 604px) 100vw, 604px\" \/><\/p>\n","protected":false},"excerpt":{"rendered":"<p>8\/2019 Rakensimme aikoinaan meid\u00e4n, jo edesmenneelle pupulle, lipastokodin. Nyt lipastokodissa asustaa uusi perheenj\u00e4sen Mimosa. Mies teki nyt lipastokotiin lis\u00e4siiven. Vaimo suunnitteli ja mies toteutti. Kaunis ja k\u00e4yt\u00e4nn\u00f6llinen lopputulos!<\/p>\n","protected":false},"author":3,"featured_media":0,"comment_status":"closed","ping_status":"closed","sticky":false,"template":"","format":"standard","meta":{"ngg_post_thumbnail":0,"_jetpack_memberships_contains_paid_content":false,"footnotes":""},"categories":[23],"tags":[],"class_list":["post-4755","post","type-post","status-publish","format-standard","hentry","category-lemmikit"],"jetpack_featured_media_url":"","jetpack_sharing_enabled":true,"_links":{"self":[{"href":"https:\/\/www.valkeaunelma.fi\/valk_www\/index.php?rest_route=\/wp\/v2\/posts\/4755","targetHints":{"allow":["GET"]}}],"collection":[{"href":"https:\/\/www.valkeaunelma.fi\/valk_www\/index.php?rest_route=\/wp\/v2\/posts"}],"about":[{"href":"https:\/\/www.valkeaunelma.fi\/valk_www\/index.php?rest_route=\/wp\/v2\/types\/post"}],"author":[{"embeddable":true,"href":"https:\/\/www.valkeaunelma.fi\/valk_www\/index.php?rest_route=\/wp\/v2\/users\/3"}],"replies":[{"embeddable":true,"href":"https:\/\/www.valkeaunelma.fi\/valk_www\/index.php?rest_route=%2Fwp%2Fv2%2Fcomments&post=4755"}],"version-history":[{"count":5,"href":"https:\/\/www.valkeaunelma.fi\/valk_www\/index.php?rest_route=\/wp\/v2\/posts\/4755\/revisions"}],"predecessor-version":[{"id":4839,"href":"https:\/\/www.valkeaunelma.fi\/valk_www\/index.php?rest_route=\/wp\/v2\/posts\/4755\/revisions\/4839"}],"wp:attachment":[{"href":"https:\/\/www.valkeaunelma.fi\/valk_www\/index.php?rest_route=%2Fwp%2Fv2%2Fmedia&parent=4755"}],"wp:term":[{"taxonomy":"category","embeddable":true,"href":"https:\/\/www.valkeaunelma.fi\/valk_www\/index.php?rest_route=%2Fwp%2Fv2%2Fcategories&post=4755"},{"taxonomy":"post_tag","embeddable":true,"href":"https:\/\/www.valkeaunelma.fi\/valk_www\/index.php?rest_route=%2Fwp%2Fv2%2Ftags&post=4755"}],"curies":[{"name":"wp","href":"https:\/\/api.w.org\/{rel}","templated":true}]}}