{"id":4769,"date":"2019-08-11T19:04:30","date_gmt":"2019-08-11T19:04:30","guid":{"rendered":"http:\/\/31.217.196.205\/~mrqxsqrz\/valk_www\/koti\/valieteisen-ja-sahkokaapin-muutos\/"},"modified":"2022-09-20T16:57:10","modified_gmt":"2022-09-20T16:57:10","slug":"valieteisen-ja-sahkokaapin-muutos","status":"publish","type":"post","link":"https:\/\/www.valkeaunelma.fi\/valk_www\/?p=4769","title":{"rendered":"V\u00e4lieteisen ja s\u00e4hk\u00f6kaapin muutos"},"content":{"rendered":"<p>8\/2019<\/p>\n<p>V\u00e4lieteisell\u00e4 on ik\u00e4\u00e4 jo reilut 17 vuotta eli aika tehd\u00e4 pient\u00e4 pintaremonttia. T\u00e4ss\u00e4 on ns. talon tekninen tila. Olen aina sanonut t\u00e4t\u00e4 sein\u00e4\u00e4 &#8221;palapeliksi&#8221;. Onneksi t\u00e4m\u00e4n &#8221;palapelin&#8221; edess\u00e4 on ollut kenk\u00e4teline\/naulakko joten se ei ole minun esteettist\u00e4 silm\u00e4\u00e4 haitannut. Nyt naulakko sai uuden kodin niin t\u00e4m\u00e4 sein\u00e4 menee kokonaan uusiksi. Samoin valkoinen v\u00e4lieteinen maalataan yhten\u00e4iseksi alakerran s\u00e4vyyn.<\/p>\n<p><img data-recalc-dims=\"1\" loading=\"lazy\" decoding=\"async\" class=\"alignnone size-full wp-image-4756\" src=\"https:\/\/i0.wp.com\/www.valkeaunelma.fi\/valk_www\/wp-content\/uploads\/2019\/08\/img_6619-e1566630251407.jpg?resize=604%2C805&#038;ssl=1\" alt=\"\" width=\"604\" height=\"805\" srcset=\"https:\/\/i0.wp.com\/www.valkeaunelma.fi\/valk_www\/wp-content\/uploads\/2019\/08\/img_6619-e1566630251407.jpg?w=900&amp;ssl=1 900w, https:\/\/i0.wp.com\/www.valkeaunelma.fi\/valk_www\/wp-content\/uploads\/2019\/08\/img_6619-e1566630251407.jpg?resize=225%2C300&amp;ssl=1 225w, https:\/\/i0.wp.com\/www.valkeaunelma.fi\/valk_www\/wp-content\/uploads\/2019\/08\/img_6619-e1566630251407.jpg?resize=768%2C1024&amp;ssl=1 768w\" sizes=\"auto, (max-width: 604px) 100vw, 604px\" \/><\/p>\n<p><!--more--><\/p>\n<p><img data-recalc-dims=\"1\" loading=\"lazy\" decoding=\"async\" class=\"alignnone size-full wp-image-4766\" src=\"https:\/\/i0.wp.com\/www.valkeaunelma.fi\/valk_www\/wp-content\/uploads\/2019\/08\/img_6620-e1566630278831.jpg?resize=604%2C805&#038;ssl=1\" alt=\"\" width=\"604\" height=\"805\" srcset=\"https:\/\/i0.wp.com\/www.valkeaunelma.fi\/valk_www\/wp-content\/uploads\/2019\/08\/img_6620-e1566630278831.jpg?w=900&amp;ssl=1 900w, https:\/\/i0.wp.com\/www.valkeaunelma.fi\/valk_www\/wp-content\/uploads\/2019\/08\/img_6620-e1566630278831.jpg?resize=225%2C300&amp;ssl=1 225w, https:\/\/i0.wp.com\/www.valkeaunelma.fi\/valk_www\/wp-content\/uploads\/2019\/08\/img_6620-e1566630278831.jpg?resize=768%2C1024&amp;ssl=1 768w\" sizes=\"auto, (max-width: 604px) 100vw, 604px\" \/><\/p>\n<p><img data-recalc-dims=\"1\" loading=\"lazy\" decoding=\"async\" class=\"alignnone size-full wp-image-4762\" src=\"https:\/\/i0.wp.com\/www.valkeaunelma.fi\/valk_www\/wp-content\/uploads\/2019\/08\/img_6646-e1566630347879.jpg?resize=604%2C805&#038;ssl=1\" alt=\"\" width=\"604\" height=\"805\" srcset=\"https:\/\/i0.wp.com\/www.valkeaunelma.fi\/valk_www\/wp-content\/uploads\/2019\/08\/img_6646-e1566630347879.jpg?w=900&amp;ssl=1 900w, https:\/\/i0.wp.com\/www.valkeaunelma.fi\/valk_www\/wp-content\/uploads\/2019\/08\/img_6646-e1566630347879.jpg?resize=225%2C300&amp;ssl=1 225w, https:\/\/i0.wp.com\/www.valkeaunelma.fi\/valk_www\/wp-content\/uploads\/2019\/08\/img_6646-e1566630347879.jpg?resize=768%2C1024&amp;ssl=1 768w\" sizes=\"auto, (max-width: 604px) 100vw, 604px\" \/><\/p>\n<p><img data-recalc-dims=\"1\" loading=\"lazy\" decoding=\"async\" class=\"alignnone size-full wp-image-4764\" src=\"https:\/\/i0.wp.com\/www.valkeaunelma.fi\/valk_www\/wp-content\/uploads\/2019\/08\/img_6645-e1566630303572.jpg?resize=604%2C805&#038;ssl=1\" alt=\"\" width=\"604\" height=\"805\" srcset=\"https:\/\/i0.wp.com\/www.valkeaunelma.fi\/valk_www\/wp-content\/uploads\/2019\/08\/img_6645-e1566630303572.jpg?w=900&amp;ssl=1 900w, https:\/\/i0.wp.com\/www.valkeaunelma.fi\/valk_www\/wp-content\/uploads\/2019\/08\/img_6645-e1566630303572.jpg?resize=225%2C300&amp;ssl=1 225w, https:\/\/i0.wp.com\/www.valkeaunelma.fi\/valk_www\/wp-content\/uploads\/2019\/08\/img_6645-e1566630303572.jpg?resize=768%2C1024&amp;ssl=1 768w\" sizes=\"auto, (max-width: 604px) 100vw, 604px\" \/><img data-recalc-dims=\"1\" loading=\"lazy\" decoding=\"async\" class=\"alignnone size-full wp-image-4768\" src=\"https:\/\/i0.wp.com\/www.valkeaunelma.fi\/valk_www\/wp-content\/uploads\/2019\/08\/img_6647-e1566630369698.jpg?resize=604%2C805&#038;ssl=1\" alt=\"\" width=\"604\" height=\"805\" srcset=\"https:\/\/i0.wp.com\/www.valkeaunelma.fi\/valk_www\/wp-content\/uploads\/2019\/08\/img_6647-e1566630369698.jpg?w=900&amp;ssl=1 900w, https:\/\/i0.wp.com\/www.valkeaunelma.fi\/valk_www\/wp-content\/uploads\/2019\/08\/img_6647-e1566630369698.jpg?resize=225%2C300&amp;ssl=1 225w, https:\/\/i0.wp.com\/www.valkeaunelma.fi\/valk_www\/wp-content\/uploads\/2019\/08\/img_6647-e1566630369698.jpg?resize=768%2C1024&amp;ssl=1 768w\" sizes=\"auto, (max-width: 604px) 100vw, 604px\" \/><\/p>\n<p>Vanha sein\u00e4 puretiin ja uusi sein\u00e4 tehtiin tilalle. Uusi sein\u00e4 tehtiin vanerista. Tarvittessa sein\u00e4n saa osittain purettua jos s\u00e4hk\u00f6johdoille t\u00e4ytyy jostakin syyst\u00e4 p\u00e4\u00e4st\u00e4. Kipsilevysein\u00e4 ei olisi t\u00e4ss\u00e4 niin kest\u00e4v\u00e4 ja k\u00e4yt\u00e4nn\u00f6llinen ratkaisu. Mies teki my\u00f6s kokonaan uuden sein\u00e4rungon sek\u00e4 hyllyt kaikille omille s\u00e4hk\u00f6laitteille. My\u00f6s s\u00e4hk\u00f6johdot tuli vihdoinkin niputettua ja laitettua huolella.<\/p>\n<p><img data-recalc-dims=\"1\" loading=\"lazy\" decoding=\"async\" class=\"alignnone size-full wp-image-4760\" src=\"https:\/\/i0.wp.com\/www.valkeaunelma.fi\/valk_www\/wp-content\/uploads\/2019\/08\/img_6649-e1566630392781.jpg?resize=604%2C805&#038;ssl=1\" alt=\"\" width=\"604\" height=\"805\" srcset=\"https:\/\/i0.wp.com\/www.valkeaunelma.fi\/valk_www\/wp-content\/uploads\/2019\/08\/img_6649-e1566630392781.jpg?w=900&amp;ssl=1 900w, https:\/\/i0.wp.com\/www.valkeaunelma.fi\/valk_www\/wp-content\/uploads\/2019\/08\/img_6649-e1566630392781.jpg?resize=225%2C300&amp;ssl=1 225w, https:\/\/i0.wp.com\/www.valkeaunelma.fi\/valk_www\/wp-content\/uploads\/2019\/08\/img_6649-e1566630392781.jpg?resize=768%2C1024&amp;ssl=1 768w\" sizes=\"auto, (max-width: 604px) 100vw, 604px\" \/><\/p>\n<p>V\u00e4lieteisess\u00e4 oli kuviollinen lasikuitutapetti. Toisista seinist\u00e4 vanhaa tapettia oli l\u00e4hes mahdoton poistaa, joten mies laittoi tasoitetapetin kaikkiin seiniin.<\/p>\n<p><img data-recalc-dims=\"1\" loading=\"lazy\" decoding=\"async\" class=\"alignnone size-full wp-image-4757\" src=\"https:\/\/i0.wp.com\/www.valkeaunelma.fi\/valk_www\/wp-content\/uploads\/2019\/08\/img_6654-e1566630413495.jpg?resize=604%2C805&#038;ssl=1\" alt=\"\" width=\"604\" height=\"805\" srcset=\"https:\/\/i0.wp.com\/www.valkeaunelma.fi\/valk_www\/wp-content\/uploads\/2019\/08\/img_6654-e1566630413495.jpg?w=900&amp;ssl=1 900w, https:\/\/i0.wp.com\/www.valkeaunelma.fi\/valk_www\/wp-content\/uploads\/2019\/08\/img_6654-e1566630413495.jpg?resize=225%2C300&amp;ssl=1 225w, https:\/\/i0.wp.com\/www.valkeaunelma.fi\/valk_www\/wp-content\/uploads\/2019\/08\/img_6654-e1566630413495.jpg?resize=768%2C1024&amp;ssl=1 768w\" sizes=\"auto, (max-width: 604px) 100vw, 604px\" \/><img data-recalc-dims=\"1\" loading=\"lazy\" decoding=\"async\" class=\"alignnone size-full wp-image-4763\" src=\"https:\/\/i0.wp.com\/www.valkeaunelma.fi\/valk_www\/wp-content\/uploads\/2019\/08\/img_6655-e1566630442492.jpg?resize=604%2C805&#038;ssl=1\" alt=\"\" width=\"604\" height=\"805\" srcset=\"https:\/\/i0.wp.com\/www.valkeaunelma.fi\/valk_www\/wp-content\/uploads\/2019\/08\/img_6655-e1566630442492.jpg?w=900&amp;ssl=1 900w, https:\/\/i0.wp.com\/www.valkeaunelma.fi\/valk_www\/wp-content\/uploads\/2019\/08\/img_6655-e1566630442492.jpg?resize=225%2C300&amp;ssl=1 225w, https:\/\/i0.wp.com\/www.valkeaunelma.fi\/valk_www\/wp-content\/uploads\/2019\/08\/img_6655-e1566630442492.jpg?resize=768%2C1024&amp;ssl=1 768w\" sizes=\"auto, (max-width: 604px) 100vw, 604px\" \/><img data-recalc-dims=\"1\" loading=\"lazy\" decoding=\"async\" class=\"alignnone size-full wp-image-4758\" src=\"https:\/\/i0.wp.com\/www.valkeaunelma.fi\/valk_www\/wp-content\/uploads\/2019\/08\/img_6656-e1566630465584.jpg?resize=604%2C805&#038;ssl=1\" alt=\"\" width=\"604\" height=\"805\" srcset=\"https:\/\/i0.wp.com\/www.valkeaunelma.fi\/valk_www\/wp-content\/uploads\/2019\/08\/img_6656-e1566630465584.jpg?w=900&amp;ssl=1 900w, https:\/\/i0.wp.com\/www.valkeaunelma.fi\/valk_www\/wp-content\/uploads\/2019\/08\/img_6656-e1566630465584.jpg?resize=225%2C300&amp;ssl=1 225w, https:\/\/i0.wp.com\/www.valkeaunelma.fi\/valk_www\/wp-content\/uploads\/2019\/08\/img_6656-e1566630465584.jpg?resize=768%2C1024&amp;ssl=1 768w\" sizes=\"auto, (max-width: 604px) 100vw, 604px\" \/><\/p>\n<p>Sein\u00e4t on maalattu alakerran s\u00e4vyyn. Tikkurilan v\u00e4ris\u00e4vyn\u00e4 Lastu. My\u00f6s v\u00e4liovi uusittiin.<\/p>\n<p><img data-recalc-dims=\"1\" loading=\"lazy\" decoding=\"async\" class=\"alignnone size-full wp-image-4759\" src=\"https:\/\/i0.wp.com\/www.valkeaunelma.fi\/valk_www\/wp-content\/uploads\/2019\/08\/img_6662-e1566630489148.jpg?resize=604%2C805&#038;ssl=1\" alt=\"\" width=\"604\" height=\"805\" srcset=\"https:\/\/i0.wp.com\/www.valkeaunelma.fi\/valk_www\/wp-content\/uploads\/2019\/08\/img_6662-e1566630489148.jpg?w=900&amp;ssl=1 900w, https:\/\/i0.wp.com\/www.valkeaunelma.fi\/valk_www\/wp-content\/uploads\/2019\/08\/img_6662-e1566630489148.jpg?resize=225%2C300&amp;ssl=1 225w, https:\/\/i0.wp.com\/www.valkeaunelma.fi\/valk_www\/wp-content\/uploads\/2019\/08\/img_6662-e1566630489148.jpg?resize=768%2C1024&amp;ssl=1 768w\" sizes=\"auto, (max-width: 604px) 100vw, 604px\" \/><\/p>\n<p>Viel\u00e4 t\u00e4ytyy mittatilata ovet s\u00e4hk\u00f6kaappiin&#8230; Ja listat paikoilleen niin t\u00e4m\u00e4kin on vihdoin valmis.<\/p>\n<p><img data-recalc-dims=\"1\" loading=\"lazy\" decoding=\"async\" class=\"size-full wp-image-4761\" src=\"https:\/\/i0.wp.com\/www.valkeaunelma.fi\/valk_www\/wp-content\/uploads\/2019\/08\/img_6710.jpg?resize=604%2C805&#038;ssl=1\" width=\"604\" height=\"805\" srcset=\"https:\/\/i0.wp.com\/www.valkeaunelma.fi\/valk_www\/wp-content\/uploads\/2019\/08\/img_6710.jpg?w=900&amp;ssl=1 900w, https:\/\/i0.wp.com\/www.valkeaunelma.fi\/valk_www\/wp-content\/uploads\/2019\/08\/img_6710.jpg?resize=225%2C300&amp;ssl=1 225w, https:\/\/i0.wp.com\/www.valkeaunelma.fi\/valk_www\/wp-content\/uploads\/2019\/08\/img_6710.jpg?resize=768%2C1024&amp;ssl=1 768w\" sizes=\"auto, (max-width: 604px) 100vw, 604px\" \/><\/p>\n<p>Mittatilatuissa ovissa meni reilu kuukauden verran. Vihdoinkin t\u00e4m\u00e4 tila on valmis!<\/p>\n<p><img data-recalc-dims=\"1\" loading=\"lazy\" decoding=\"async\" class=\"size-full wp-image-4877\" src=\"https:\/\/i0.wp.com\/www.valkeaunelma.fi\/valk_www\/wp-content\/uploads\/2019\/10\/img_7606.jpg?resize=604%2C805&#038;ssl=1\" width=\"604\" height=\"805\" srcset=\"https:\/\/i0.wp.com\/www.valkeaunelma.fi\/valk_www\/wp-content\/uploads\/2019\/10\/img_7606.jpg?w=900&amp;ssl=1 900w, https:\/\/i0.wp.com\/www.valkeaunelma.fi\/valk_www\/wp-content\/uploads\/2019\/10\/img_7606.jpg?resize=225%2C300&amp;ssl=1 225w, https:\/\/i0.wp.com\/www.valkeaunelma.fi\/valk_www\/wp-content\/uploads\/2019\/10\/img_7606.jpg?resize=768%2C1024&amp;ssl=1 768w\" sizes=\"auto, (max-width: 604px) 100vw, 604px\" \/><\/p>\n<p><img data-recalc-dims=\"1\" loading=\"lazy\" decoding=\"async\" class=\"size-full wp-image-4878\" src=\"https:\/\/i0.wp.com\/www.valkeaunelma.fi\/valk_www\/wp-content\/uploads\/2019\/10\/img_7607.jpg?resize=604%2C805&#038;ssl=1\" width=\"604\" height=\"805\" srcset=\"https:\/\/i0.wp.com\/www.valkeaunelma.fi\/valk_www\/wp-content\/uploads\/2019\/10\/img_7607.jpg?w=900&amp;ssl=1 900w, https:\/\/i0.wp.com\/www.valkeaunelma.fi\/valk_www\/wp-content\/uploads\/2019\/10\/img_7607.jpg?resize=225%2C300&amp;ssl=1 225w, https:\/\/i0.wp.com\/www.valkeaunelma.fi\/valk_www\/wp-content\/uploads\/2019\/10\/img_7607.jpg?resize=768%2C1024&amp;ssl=1 768w\" sizes=\"auto, (max-width: 604px) 100vw, 604px\" \/><\/p>\n<p><img data-recalc-dims=\"1\" loading=\"lazy\" decoding=\"async\" class=\"size-full wp-image-4876\" src=\"https:\/\/i0.wp.com\/www.valkeaunelma.fi\/valk_www\/wp-content\/uploads\/2019\/10\/img_7609.jpg?resize=604%2C805&#038;ssl=1\" width=\"604\" height=\"805\" srcset=\"https:\/\/i0.wp.com\/www.valkeaunelma.fi\/valk_www\/wp-content\/uploads\/2019\/10\/img_7609.jpg?w=900&amp;ssl=1 900w, https:\/\/i0.wp.com\/www.valkeaunelma.fi\/valk_www\/wp-content\/uploads\/2019\/10\/img_7609.jpg?resize=225%2C300&amp;ssl=1 225w, https:\/\/i0.wp.com\/www.valkeaunelma.fi\/valk_www\/wp-content\/uploads\/2019\/10\/img_7609.jpg?resize=768%2C1024&amp;ssl=1 768w\" sizes=\"auto, (max-width: 604px) 100vw, 604px\" \/><\/p>\n","protected":false},"excerpt":{"rendered":"<p>8\/2019 V\u00e4lieteisell\u00e4 on ik\u00e4\u00e4 jo reilut 17 vuotta eli aika tehd\u00e4 pient\u00e4 pintaremonttia. T\u00e4ss\u00e4 on ns. talon tekninen tila. Olen aina sanonut t\u00e4t\u00e4 sein\u00e4\u00e4 &#8221;palapeliksi&#8221;. Onneksi t\u00e4m\u00e4n &#8221;palapelin&#8221; edess\u00e4 on ollut kenk\u00e4teline\/naulakko joten se ei ole minun esteettist\u00e4 silm\u00e4\u00e4 haitannut. Nyt naulakko sai uuden kodin niin t\u00e4m\u00e4 sein\u00e4 menee kokonaan uusiksi. Samoin valkoinen v\u00e4lieteinen maalataan &hellip; <a href=\"https:\/\/www.valkeaunelma.fi\/valk_www\/?p=4769\" class=\"more-link\">Jatka lukemista <span class=\"screen-reader-text\">V\u00e4lieteisen ja s\u00e4hk\u00f6kaapin muutos<\/span> <span class=\"meta-nav\">&rarr;<\/span><\/a><\/p>\n","protected":false},"author":3,"featured_media":0,"comment_status":"closed","ping_status":"closed","sticky":false,"template":"","format":"standard","meta":{"ngg_post_thumbnail":0,"_jetpack_memberships_contains_paid_content":false,"footnotes":""},"categories":[24],"tags":[],"class_list":["post-4769","post","type-post","status-publish","format-standard","hentry","category-remontit-2"],"jetpack_featured_media_url":"","jetpack_sharing_enabled":true,"_links":{"self":[{"href":"https:\/\/www.valkeaunelma.fi\/valk_www\/index.php?rest_route=\/wp\/v2\/posts\/4769","targetHints":{"allow":["GET"]}}],"collection":[{"href":"https:\/\/www.valkeaunelma.fi\/valk_www\/index.php?rest_route=\/wp\/v2\/posts"}],"about":[{"href":"https:\/\/www.valkeaunelma.fi\/valk_www\/index.php?rest_route=\/wp\/v2\/types\/post"}],"author":[{"embeddable":true,"href":"https:\/\/www.valkeaunelma.fi\/valk_www\/index.php?rest_route=\/wp\/v2\/users\/3"}],"replies":[{"embeddable":true,"href":"https:\/\/www.valkeaunelma.fi\/valk_www\/index.php?rest_route=%2Fwp%2Fv2%2Fcomments&post=4769"}],"version-history":[{"count":10,"href":"https:\/\/www.valkeaunelma.fi\/valk_www\/index.php?rest_route=\/wp\/v2\/posts\/4769\/revisions"}],"predecessor-version":[{"id":4907,"href":"https:\/\/www.valkeaunelma.fi\/valk_www\/index.php?rest_route=\/wp\/v2\/posts\/4769\/revisions\/4907"}],"wp:attachment":[{"href":"https:\/\/www.valkeaunelma.fi\/valk_www\/index.php?rest_route=%2Fwp%2Fv2%2Fmedia&parent=4769"}],"wp:term":[{"taxonomy":"category","embeddable":true,"href":"https:\/\/www.valkeaunelma.fi\/valk_www\/index.php?rest_route=%2Fwp%2Fv2%2Fcategories&post=4769"},{"taxonomy":"post_tag","embeddable":true,"href":"https:\/\/www.valkeaunelma.fi\/valk_www\/index.php?rest_route=%2Fwp%2Fv2%2Ftags&post=4769"}],"curies":[{"name":"wp","href":"https:\/\/api.w.org\/{rel}","templated":true}]}}