{"id":4774,"date":"2019-08-11T19:07:01","date_gmt":"2019-08-11T19:07:01","guid":{"rendered":"http:\/\/31.217.196.205\/~mrqxsqrz\/valk_www\/koti\/kodinhoitohuoneen-katto\/"},"modified":"2023-09-13T20:17:23","modified_gmt":"2023-09-13T17:17:23","slug":"kodinhoitohuoneen-katto","status":"publish","type":"post","link":"https:\/\/www.valkeaunelma.fi\/valk_www\/?p=4774","title":{"rendered":"Kodinhoitohuoneen katto"},"content":{"rendered":"<p>8\/2019<\/p>\n<p>Kodinhoitohuoneen katto jouduttiin tekem\u00e4\u00e4n uusiksi. Edellinen kodinhoitohuoneen remontti tehtiin vajaa 1.5 vuotta sitten.&nbsp; Nyt kattopaneeli l\u00e4hti paikoitellen kesim\u00e4\u00e4n l\u00e4pivientien kohdalta. Todella harmillista, mutta onneksi kesiminen oli vain katon osalta. Mies teki reklamaation ja saatiin uudet paneelit tilalle. Meille kerrottiin ett\u00e4 l\u00e4piviennit tulisi maalata, jotta mahdollista kesimist\u00e4 ei tapahtuisi&#8230;&nbsp; Kyll\u00e4 harmitti, taas tehd\u00e4 vastaava remontti &#8221;ohjeiden mukaan&#8221;. Nyt katto on valmis ja toivottavasti kest\u00e4\u00e4.<\/p>\n<p><img data-recalc-dims=\"1\" loading=\"lazy\" decoding=\"async\" class=\"alignnone wp-image-4770 size-full\" src=\"https:\/\/i0.wp.com\/www.valkeaunelma.fi\/valk_www\/wp-content\/uploads\/2019\/08\/img_6961-e1566629347494.jpg?resize=604%2C805&#038;ssl=1\" alt=\"\" width=\"604\" height=\"805\" srcset=\"https:\/\/i0.wp.com\/www.valkeaunelma.fi\/valk_www\/wp-content\/uploads\/2019\/08\/img_6961-e1566629347494.jpg?w=900&amp;ssl=1 900w, https:\/\/i0.wp.com\/www.valkeaunelma.fi\/valk_www\/wp-content\/uploads\/2019\/08\/img_6961-e1566629347494.jpg?resize=225%2C300&amp;ssl=1 225w, https:\/\/i0.wp.com\/www.valkeaunelma.fi\/valk_www\/wp-content\/uploads\/2019\/08\/img_6961-e1566629347494.jpg?resize=768%2C1024&amp;ssl=1 768w\" sizes=\"auto, (max-width: 604px) 100vw, 604px\" \/><\/p>\n<p><!--more--><\/p>\n<p><img data-recalc-dims=\"1\" loading=\"lazy\" decoding=\"async\" class=\"size-full wp-image-4773\" src=\"https:\/\/i0.wp.com\/www.valkeaunelma.fi\/valk_www\/wp-content\/uploads\/2019\/08\/img_6941.jpg?resize=604%2C805&#038;ssl=1\" width=\"604\" height=\"805\" srcset=\"https:\/\/i0.wp.com\/www.valkeaunelma.fi\/valk_www\/wp-content\/uploads\/2019\/08\/img_6941.jpg?w=900&amp;ssl=1 900w, https:\/\/i0.wp.com\/www.valkeaunelma.fi\/valk_www\/wp-content\/uploads\/2019\/08\/img_6941.jpg?resize=225%2C300&amp;ssl=1 225w, https:\/\/i0.wp.com\/www.valkeaunelma.fi\/valk_www\/wp-content\/uploads\/2019\/08\/img_6941.jpg?resize=768%2C1024&amp;ssl=1 768w\" sizes=\"auto, (max-width: 604px) 100vw, 604px\" \/><\/p>\n<p><img data-recalc-dims=\"1\" loading=\"lazy\" decoding=\"async\" class=\"alignnone wp-image-4772 size-full\" src=\"https:\/\/i0.wp.com\/www.valkeaunelma.fi\/valk_www\/wp-content\/uploads\/2019\/08\/img_6962-e1566629385125.jpg?resize=604%2C805&#038;ssl=1\" alt=\"\" width=\"604\" height=\"805\" srcset=\"https:\/\/i0.wp.com\/www.valkeaunelma.fi\/valk_www\/wp-content\/uploads\/2019\/08\/img_6962-e1566629385125.jpg?w=900&amp;ssl=1 900w, https:\/\/i0.wp.com\/www.valkeaunelma.fi\/valk_www\/wp-content\/uploads\/2019\/08\/img_6962-e1566629385125.jpg?resize=225%2C300&amp;ssl=1 225w, https:\/\/i0.wp.com\/www.valkeaunelma.fi\/valk_www\/wp-content\/uploads\/2019\/08\/img_6962-e1566629385125.jpg?resize=768%2C1024&amp;ssl=1 768w\" sizes=\"auto, (max-width: 604px) 100vw, 604px\" \/><img data-recalc-dims=\"1\" loading=\"lazy\" decoding=\"async\" class=\"alignnone wp-image-4771 size-full\" src=\"https:\/\/i0.wp.com\/www.valkeaunelma.fi\/valk_www\/wp-content\/uploads\/2019\/08\/img_6960-e1566629461358.jpg?resize=604%2C805&#038;ssl=1\" alt=\"\" width=\"604\" height=\"805\" srcset=\"https:\/\/i0.wp.com\/www.valkeaunelma.fi\/valk_www\/wp-content\/uploads\/2019\/08\/img_6960-e1566629461358.jpg?w=900&amp;ssl=1 900w, https:\/\/i0.wp.com\/www.valkeaunelma.fi\/valk_www\/wp-content\/uploads\/2019\/08\/img_6960-e1566629461358.jpg?resize=225%2C300&amp;ssl=1 225w, https:\/\/i0.wp.com\/www.valkeaunelma.fi\/valk_www\/wp-content\/uploads\/2019\/08\/img_6960-e1566629461358.jpg?resize=768%2C1024&amp;ssl=1 768w\" sizes=\"auto, (max-width: 604px) 100vw, 604px\" \/><\/p>\n<p><img data-recalc-dims=\"1\" loading=\"lazy\" decoding=\"async\" class=\"size-full wp-image-4786\" src=\"https:\/\/i0.wp.com\/www.valkeaunelma.fi\/valk_www\/wp-content\/uploads\/2019\/08\/img_7049.jpg?resize=604%2C424&#038;ssl=1\" width=\"604\" height=\"424\" srcset=\"https:\/\/i0.wp.com\/www.valkeaunelma.fi\/valk_www\/wp-content\/uploads\/2019\/08\/img_7049.jpg?w=1200&amp;ssl=1 1200w, https:\/\/i0.wp.com\/www.valkeaunelma.fi\/valk_www\/wp-content\/uploads\/2019\/08\/img_7049.jpg?resize=300%2C211&amp;ssl=1 300w, https:\/\/i0.wp.com\/www.valkeaunelma.fi\/valk_www\/wp-content\/uploads\/2019\/08\/img_7049.jpg?resize=768%2C539&amp;ssl=1 768w, https:\/\/i0.wp.com\/www.valkeaunelma.fi\/valk_www\/wp-content\/uploads\/2019\/08\/img_7049.jpg?resize=1024%2C719&amp;ssl=1 1024w\" sizes=\"auto, (max-width: 604px) 100vw, 604px\" \/><\/p>\n<p><img data-recalc-dims=\"1\" loading=\"lazy\" decoding=\"async\" class=\"alignnone wp-image-4787 size-full\" src=\"https:\/\/i0.wp.com\/www.valkeaunelma.fi\/valk_www\/wp-content\/uploads\/2019\/08\/img_7048-e1566629424368.jpg?resize=604%2C805&#038;ssl=1\" alt=\"\" width=\"604\" height=\"805\" srcset=\"https:\/\/i0.wp.com\/www.valkeaunelma.fi\/valk_www\/wp-content\/uploads\/2019\/08\/img_7048-e1566629424368.jpg?w=900&amp;ssl=1 900w, https:\/\/i0.wp.com\/www.valkeaunelma.fi\/valk_www\/wp-content\/uploads\/2019\/08\/img_7048-e1566629424368.jpg?resize=225%2C300&amp;ssl=1 225w, https:\/\/i0.wp.com\/www.valkeaunelma.fi\/valk_www\/wp-content\/uploads\/2019\/08\/img_7048-e1566629424368.jpg?resize=768%2C1024&amp;ssl=1 768w\" sizes=\"auto, (max-width: 604px) 100vw, 604px\" \/><\/p>\n","protected":false},"excerpt":{"rendered":"<p>8\/2019 Kodinhoitohuoneen katto jouduttiin tekem\u00e4\u00e4n uusiksi. Edellinen kodinhoitohuoneen remontti tehtiin vajaa 1.5 vuotta sitten.&nbsp; Nyt kattopaneeli l\u00e4hti paikoitellen kesim\u00e4\u00e4n l\u00e4pivientien kohdalta. Todella harmillista, mutta onneksi kesiminen oli vain katon osalta. Mies teki reklamaation ja saatiin uudet paneelit tilalle. Meille kerrottiin ett\u00e4 l\u00e4piviennit tulisi maalata, jotta mahdollista kesimist\u00e4 ei tapahtuisi&#8230;&nbsp; Kyll\u00e4 harmitti, taas tehd\u00e4 vastaava remontti &hellip; <a href=\"https:\/\/www.valkeaunelma.fi\/valk_www\/?p=4774\" class=\"more-link\">Jatka lukemista <span class=\"screen-reader-text\">Kodinhoitohuoneen katto<\/span> <span class=\"meta-nav\">&rarr;<\/span><\/a><\/p>\n","protected":false},"author":3,"featured_media":0,"comment_status":"closed","ping_status":"closed","sticky":false,"template":"","format":"standard","meta":{"ngg_post_thumbnail":0,"_jetpack_memberships_contains_paid_content":false,"footnotes":""},"categories":[24],"tags":[],"class_list":["post-4774","post","type-post","status-publish","format-standard","hentry","category-remontit-2"],"jetpack_featured_media_url":"","jetpack_sharing_enabled":true,"_links":{"self":[{"href":"https:\/\/www.valkeaunelma.fi\/valk_www\/index.php?rest_route=\/wp\/v2\/posts\/4774","targetHints":{"allow":["GET"]}}],"collection":[{"href":"https:\/\/www.valkeaunelma.fi\/valk_www\/index.php?rest_route=\/wp\/v2\/posts"}],"about":[{"href":"https:\/\/www.valkeaunelma.fi\/valk_www\/index.php?rest_route=\/wp\/v2\/types\/post"}],"author":[{"embeddable":true,"href":"https:\/\/www.valkeaunelma.fi\/valk_www\/index.php?rest_route=\/wp\/v2\/users\/3"}],"replies":[{"embeddable":true,"href":"https:\/\/www.valkeaunelma.fi\/valk_www\/index.php?rest_route=%2Fwp%2Fv2%2Fcomments&post=4774"}],"version-history":[{"count":9,"href":"https:\/\/www.valkeaunelma.fi\/valk_www\/index.php?rest_route=\/wp\/v2\/posts\/4774\/revisions"}],"predecessor-version":[{"id":4793,"href":"https:\/\/www.valkeaunelma.fi\/valk_www\/index.php?rest_route=\/wp\/v2\/posts\/4774\/revisions\/4793"}],"wp:attachment":[{"href":"https:\/\/www.valkeaunelma.fi\/valk_www\/index.php?rest_route=%2Fwp%2Fv2%2Fmedia&parent=4774"}],"wp:term":[{"taxonomy":"category","embeddable":true,"href":"https:\/\/www.valkeaunelma.fi\/valk_www\/index.php?rest_route=%2Fwp%2Fv2%2Fcategories&post=4774"},{"taxonomy":"post_tag","embeddable":true,"href":"https:\/\/www.valkeaunelma.fi\/valk_www\/index.php?rest_route=%2Fwp%2Fv2%2Ftags&post=4774"}],"curies":[{"name":"wp","href":"https:\/\/api.w.org\/{rel}","templated":true}]}}