{"id":478,"date":"2011-06-01T08:48:37","date_gmt":"2011-06-01T08:48:37","guid":{"rendered":"http:\/\/31.217.196.205\/~mrqxsqrz\/valk_www\/?p=478"},"modified":"2017-08-21T16:26:59","modified_gmt":"2017-08-21T16:26:59","slug":"patio-toinen-olohuone","status":"publish","type":"post","link":"https:\/\/www.valkeaunelma.fi\/valk_www\/?p=478","title":{"rendered":"Patio toinen olohuone"},"content":{"rendered":"<p><a href=\"https:\/\/i0.wp.com\/www.valkeaunelma.fi\/valk_www\/wp-content\/uploads\/2015\/03\/Terassi_1.jpg?ssl=1\"><img data-recalc-dims=\"1\" loading=\"lazy\" decoding=\"async\" class=\"alignnone size-full wp-image-479\" src=\"https:\/\/i0.wp.com\/www.valkeaunelma.fi\/valk_www\/wp-content\/uploads\/2015\/03\/Terassi_1.jpg?resize=361%2C500&#038;ssl=1\" alt=\"Terassi_1\" width=\"361\" height=\"500\" srcset=\"https:\/\/i0.wp.com\/www.valkeaunelma.fi\/valk_www\/wp-content\/uploads\/2015\/03\/Terassi_1.jpg?w=361&amp;ssl=1 361w, https:\/\/i0.wp.com\/www.valkeaunelma.fi\/valk_www\/wp-content\/uploads\/2015\/03\/Terassi_1.jpg?resize=217%2C300&amp;ssl=1 217w\" sizes=\"auto, (max-width: 361px) 100vw, 361px\" \/><br \/>\n<\/a>Pihallamme on aina ollut jonkinlainen patio, mutta vuosien saatossa sit\u00e4 on aina suurennettu ja uudistettu.<\/p>\n<p><!--more--><\/p>\n<p>Suunnittelemme yhdess\u00e4 ja mies toteuttaa suuremmat projektit. Nyt patio on varmaankin omassa kuosissaan kun tilaa ei ole en\u00e4\u00e4 minne sit\u00e4 laajentaisi&#8230; Laitan kokonaiskuvaa patiosta kunhan saan mallikelpoisen kuvan otettua.<\/p>\n<p>Patio on tavallaan meid\u00e4n &#8221;toinen olohuone&#8221;, jossa viet\u00e4mme aikaa perheen kesken, alku kev\u00e4\u00e4st\u00e4 pitk\u00e4lle syksyyn. T\u00e4m\u00e4n mahdollistaa se ett\u00e4 patio on kokonaan lasitettu\/ummistettu. Tuossa on muutamia yksityiskohtaisia kuvia mit\u00e4 olemme tuunailleet kes\u00e4iselle olohuoneelle. Kuten jo mainitsin en ole mik\u00e4\u00e4n viherpeukalo, mutta kes\u00e4kukat ovat niit\u00e4 jota rakastan, varsinkin valkoista Markettaa, yksinkertainen ja luonnollinen kukka. Koska kyseess\u00e4 on toinen olohuone, jossa teemme ruokaa ja sy\u00f6mme ja viet\u00e4mme yhteist\u00e4 aikaa tulee t\u00e4m\u00e4kin huone sisustaa romanttisen viihtyis\u00e4ksi. Pitsiset verhot ja p\u00f6yt\u00e4liina, vanhoja aarteita esille ja lyhtyj\u00e4 kynttil\u00f6in. Ja tietysti lapsille omaa puuhastelua.<\/p>\n<p>Koska kyseess\u00e4 on siis my\u00f6s kes\u00e4keitti\u00f6 niin siell\u00e4 tulee olla siihen tarvittavat v\u00e4lineet. Mieheni rakensi pienen kes\u00e4keitti\u00f6saarekkeen, jossa on my\u00f6s pikkuinen lavuaari. T\u00e4ss\u00e4 voi vaikka kuoria pottuja tai tehd\u00e4 raikasta salaattia omasta kasvihuoneen antimista. Samoin kaasugrilli t\u00e4ytyy olla. Pation terassille teimme hiiligrillin, jossa voi nauttia illan tullen tulen tunnelmasta ja l\u00e4mm\u00f6st\u00e4 ja toki pihvitkin paistaa. Suihkul\u00e4hdekin oli pakko saada koska ihana veden solina on musiikkia korville.<br \/>\n<a href=\"https:\/\/i0.wp.com\/www.valkeaunelma.fi\/valk_www\/wp-content\/uploads\/2015\/03\/Grilli1.jpg?ssl=1\"><img data-recalc-dims=\"1\" loading=\"lazy\" decoding=\"async\" class=\"alignnone size-large wp-image-480\" src=\"https:\/\/i0.wp.com\/www.valkeaunelma.fi\/valk_www\/wp-content\/uploads\/2015\/03\/Grilli1.jpg?resize=351%2C500&#038;ssl=1\" alt=\"Grilli\" width=\"351\" height=\"500\" srcset=\"https:\/\/i0.wp.com\/www.valkeaunelma.fi\/valk_www\/wp-content\/uploads\/2015\/03\/Grilli1.jpg?w=351&amp;ssl=1 351w, https:\/\/i0.wp.com\/www.valkeaunelma.fi\/valk_www\/wp-content\/uploads\/2015\/03\/Grilli1.jpg?resize=211%2C300&amp;ssl=1 211w\" sizes=\"auto, (max-width: 351px) 100vw, 351px\" \/><\/a> <a href=\"https:\/\/i0.wp.com\/www.valkeaunelma.fi\/valk_www\/wp-content\/uploads\/2015\/03\/Kukat_ja_maitotonkat.jpg?ssl=1\"><img data-recalc-dims=\"1\" loading=\"lazy\" decoding=\"async\" class=\"alignnone size-large wp-image-481\" src=\"https:\/\/i0.wp.com\/www.valkeaunelma.fi\/valk_www\/wp-content\/uploads\/2015\/03\/Kukat_ja_maitotonkat.jpg?resize=500%2C375&#038;ssl=1\" alt=\"Kukat_ja_maitotonkat\" width=\"500\" height=\"375\" srcset=\"https:\/\/i0.wp.com\/www.valkeaunelma.fi\/valk_www\/wp-content\/uploads\/2015\/03\/Kukat_ja_maitotonkat.jpg?w=500&amp;ssl=1 500w, https:\/\/i0.wp.com\/www.valkeaunelma.fi\/valk_www\/wp-content\/uploads\/2015\/03\/Kukat_ja_maitotonkat.jpg?resize=300%2C225&amp;ssl=1 300w\" sizes=\"auto, (max-width: 500px) 100vw, 500px\" \/><\/a> <a href=\"https:\/\/i0.wp.com\/www.valkeaunelma.fi\/valk_www\/wp-content\/uploads\/2015\/03\/Kukka_vaasi_terassilla.jpg?ssl=1\"><img data-recalc-dims=\"1\" loading=\"lazy\" decoding=\"async\" class=\"alignnone size-large wp-image-482\" src=\"https:\/\/i0.wp.com\/www.valkeaunelma.fi\/valk_www\/wp-content\/uploads\/2015\/03\/Kukka_vaasi_terassilla.jpg?resize=334%2C500&#038;ssl=1\" alt=\"Kukka_vaasi_terassilla\" width=\"334\" height=\"500\" srcset=\"https:\/\/i0.wp.com\/www.valkeaunelma.fi\/valk_www\/wp-content\/uploads\/2015\/03\/Kukka_vaasi_terassilla.jpg?w=334&amp;ssl=1 334w, https:\/\/i0.wp.com\/www.valkeaunelma.fi\/valk_www\/wp-content\/uploads\/2015\/03\/Kukka_vaasi_terassilla.jpg?resize=200%2C300&amp;ssl=1 200w\" sizes=\"auto, (max-width: 334px) 100vw, 334px\" \/><\/a> <a href=\"https:\/\/i0.wp.com\/www.valkeaunelma.fi\/valk_www\/wp-content\/uploads\/2015\/03\/Kukkaloistoa1.jpg?ssl=1\"><img data-recalc-dims=\"1\" loading=\"lazy\" decoding=\"async\" class=\"alignnone size-large wp-image-483\" src=\"https:\/\/i0.wp.com\/www.valkeaunelma.fi\/valk_www\/wp-content\/uploads\/2015\/03\/Kukkaloistoa1.jpg?resize=500%2C379&#038;ssl=1\" alt=\"Kukkaloistoa\" width=\"500\" height=\"379\" srcset=\"https:\/\/i0.wp.com\/www.valkeaunelma.fi\/valk_www\/wp-content\/uploads\/2015\/03\/Kukkaloistoa1.jpg?w=500&amp;ssl=1 500w, https:\/\/i0.wp.com\/www.valkeaunelma.fi\/valk_www\/wp-content\/uploads\/2015\/03\/Kukkaloistoa1.jpg?resize=300%2C227&amp;ssl=1 300w\" sizes=\"auto, (max-width: 500px) 100vw, 500px\" \/><\/a> <a href=\"https:\/\/i0.wp.com\/www.valkeaunelma.fi\/valk_www\/wp-content\/uploads\/2015\/03\/Pation_kukkaloistoa_2.jpg?ssl=1\"><img data-recalc-dims=\"1\" loading=\"lazy\" decoding=\"async\" class=\"alignnone size-large wp-image-484\" src=\"https:\/\/i0.wp.com\/www.valkeaunelma.fi\/valk_www\/wp-content\/uploads\/2015\/03\/Pation_kukkaloistoa_2.jpg?resize=375%2C500&#038;ssl=1\" alt=\"Pation_kukkaloistoa_2\" width=\"375\" height=\"500\" srcset=\"https:\/\/i0.wp.com\/www.valkeaunelma.fi\/valk_www\/wp-content\/uploads\/2015\/03\/Pation_kukkaloistoa_2.jpg?w=375&amp;ssl=1 375w, https:\/\/i0.wp.com\/www.valkeaunelma.fi\/valk_www\/wp-content\/uploads\/2015\/03\/Pation_kukkaloistoa_2.jpg?resize=225%2C300&amp;ssl=1 225w\" sizes=\"auto, (max-width: 375px) 100vw, 375px\" \/><\/a> <a href=\"https:\/\/i0.wp.com\/www.valkeaunelma.fi\/valk_www\/wp-content\/uploads\/2015\/03\/Paivankakkara.jpg?ssl=1\"><img data-recalc-dims=\"1\" loading=\"lazy\" decoding=\"async\" class=\"alignnone size-large wp-image-485\" src=\"https:\/\/i0.wp.com\/www.valkeaunelma.fi\/valk_www\/wp-content\/uploads\/2015\/03\/Paivankakkara.jpg?resize=388%2C500&#038;ssl=1\" alt=\"Paivankakkara\" width=\"388\" height=\"500\" srcset=\"https:\/\/i0.wp.com\/www.valkeaunelma.fi\/valk_www\/wp-content\/uploads\/2015\/03\/Paivankakkara.jpg?w=388&amp;ssl=1 388w, https:\/\/i0.wp.com\/www.valkeaunelma.fi\/valk_www\/wp-content\/uploads\/2015\/03\/Paivankakkara.jpg?resize=233%2C300&amp;ssl=1 233w\" sizes=\"auto, (max-width: 388px) 100vw, 388px\" \/><\/a> <a href=\"https:\/\/i0.wp.com\/www.valkeaunelma.fi\/valk_www\/wp-content\/uploads\/2015\/03\/Suihkulahde1.jpg?ssl=1\"><img data-recalc-dims=\"1\" loading=\"lazy\" decoding=\"async\" class=\"alignnone size-large wp-image-486\" src=\"https:\/\/i0.wp.com\/www.valkeaunelma.fi\/valk_www\/wp-content\/uploads\/2015\/03\/Suihkulahde1.jpg?resize=374%2C500&#038;ssl=1\" alt=\"Suihkulahde\" width=\"374\" height=\"500\" srcset=\"https:\/\/i0.wp.com\/www.valkeaunelma.fi\/valk_www\/wp-content\/uploads\/2015\/03\/Suihkulahde1.jpg?w=374&amp;ssl=1 374w, https:\/\/i0.wp.com\/www.valkeaunelma.fi\/valk_www\/wp-content\/uploads\/2015\/03\/Suihkulahde1.jpg?resize=224%2C300&amp;ssl=1 224w\" sizes=\"auto, (max-width: 374px) 100vw, 374px\" \/><br \/>\n<\/a>10\/2011<br \/>\nT\u00e4ss\u00e4 p\u00e4ivityst\u00e4 my\u00f6s t\u00e4h\u00e4n osioon, vihdoinkin. Tuossa on pation alkuper\u00e4inen kuva mist\u00e4 suunnilleen l\u00e4hdimme &#8221;laajentamaan&#8221; toista olohuonetta. Ja nyt sitten, varmaankin, lopullinen tuotos on t\u00e4ss\u00e4. Ihania kes\u00e4p\u00e4ivi\u00e4 siell\u00e4 vietimme perheen kesken, ruokaillen l\u00e4hes p\u00e4ivitt\u00e4in, nauttien&#8230;<br \/>\n<a href=\"https:\/\/i0.wp.com\/www.valkeaunelma.fi\/valk_www\/wp-content\/uploads\/2015\/03\/patio.jpg?ssl=1\"><img data-recalc-dims=\"1\" loading=\"lazy\" decoding=\"async\" class=\"alignnone size-large wp-image-487\" src=\"https:\/\/i0.wp.com\/www.valkeaunelma.fi\/valk_www\/wp-content\/uploads\/2015\/03\/patio.jpg?resize=500%2C336&#038;ssl=1\" alt=\"patio\" width=\"500\" height=\"336\" srcset=\"https:\/\/i0.wp.com\/www.valkeaunelma.fi\/valk_www\/wp-content\/uploads\/2015\/03\/patio.jpg?w=500&amp;ssl=1 500w, https:\/\/i0.wp.com\/www.valkeaunelma.fi\/valk_www\/wp-content\/uploads\/2015\/03\/patio.jpg?resize=300%2C202&amp;ssl=1 300w\" sizes=\"auto, (max-width: 500px) 100vw, 500px\" \/><\/a> <a href=\"https:\/\/i0.wp.com\/www.valkeaunelma.fi\/valk_www\/wp-content\/uploads\/2015\/03\/IMG_5321.jpg?ssl=1\"><img data-recalc-dims=\"1\" loading=\"lazy\" decoding=\"async\" class=\"alignnone size-large wp-image-488\" src=\"https:\/\/i0.wp.com\/www.valkeaunelma.fi\/valk_www\/wp-content\/uploads\/2015\/03\/IMG_5321.jpg?resize=500%2C374&#038;ssl=1\" alt=\"IMG_5321\" width=\"500\" height=\"374\" srcset=\"https:\/\/i0.wp.com\/www.valkeaunelma.fi\/valk_www\/wp-content\/uploads\/2015\/03\/IMG_5321.jpg?w=500&amp;ssl=1 500w, https:\/\/i0.wp.com\/www.valkeaunelma.fi\/valk_www\/wp-content\/uploads\/2015\/03\/IMG_5321.jpg?resize=300%2C224&amp;ssl=1 300w\" sizes=\"auto, (max-width: 500px) 100vw, 500px\" \/><\/a> <a href=\"https:\/\/i0.wp.com\/www.valkeaunelma.fi\/valk_www\/wp-content\/uploads\/2015\/03\/IMG_5304.jpg?ssl=1\"><img data-recalc-dims=\"1\" loading=\"lazy\" decoding=\"async\" class=\"alignnone size-large wp-image-489\" src=\"https:\/\/i0.wp.com\/www.valkeaunelma.fi\/valk_www\/wp-content\/uploads\/2015\/03\/IMG_5304.jpg?resize=500%2C374&#038;ssl=1\" alt=\"IMG_5304\" width=\"500\" height=\"374\" srcset=\"https:\/\/i0.wp.com\/www.valkeaunelma.fi\/valk_www\/wp-content\/uploads\/2015\/03\/IMG_5304.jpg?w=500&amp;ssl=1 500w, https:\/\/i0.wp.com\/www.valkeaunelma.fi\/valk_www\/wp-content\/uploads\/2015\/03\/IMG_5304.jpg?resize=300%2C224&amp;ssl=1 300w\" sizes=\"auto, (max-width: 500px) 100vw, 500px\" \/><\/a> <a href=\"https:\/\/i0.wp.com\/www.valkeaunelma.fi\/valk_www\/wp-content\/uploads\/2015\/03\/IMG_5307.jpg?ssl=1\"><img data-recalc-dims=\"1\" loading=\"lazy\" decoding=\"async\" class=\"alignnone size-large wp-image-490\" src=\"https:\/\/i0.wp.com\/www.valkeaunelma.fi\/valk_www\/wp-content\/uploads\/2015\/03\/IMG_5307.jpg?resize=500%2C374&#038;ssl=1\" alt=\"IMG_5307\" width=\"500\" height=\"374\" srcset=\"https:\/\/i0.wp.com\/www.valkeaunelma.fi\/valk_www\/wp-content\/uploads\/2015\/03\/IMG_5307.jpg?w=500&amp;ssl=1 500w, https:\/\/i0.wp.com\/www.valkeaunelma.fi\/valk_www\/wp-content\/uploads\/2015\/03\/IMG_5307.jpg?resize=300%2C224&amp;ssl=1 300w\" sizes=\"auto, (max-width: 500px) 100vw, 500px\" \/><\/a> <a href=\"https:\/\/i0.wp.com\/www.valkeaunelma.fi\/valk_www\/wp-content\/uploads\/2015\/03\/IMG_5308.jpg?ssl=1\"><img data-recalc-dims=\"1\" loading=\"lazy\" decoding=\"async\" class=\"alignnone size-large wp-image-491\" src=\"https:\/\/i0.wp.com\/www.valkeaunelma.fi\/valk_www\/wp-content\/uploads\/2015\/03\/IMG_5308.jpg?resize=375%2C500&#038;ssl=1\" alt=\"IMG_5308\" width=\"375\" height=\"500\" srcset=\"https:\/\/i0.wp.com\/www.valkeaunelma.fi\/valk_www\/wp-content\/uploads\/2015\/03\/IMG_5308.jpg?w=375&amp;ssl=1 375w, https:\/\/i0.wp.com\/www.valkeaunelma.fi\/valk_www\/wp-content\/uploads\/2015\/03\/IMG_5308.jpg?resize=225%2C300&amp;ssl=1 225w\" sizes=\"auto, (max-width: 375px) 100vw, 375px\" \/><\/a> <a href=\"https:\/\/i0.wp.com\/www.valkeaunelma.fi\/valk_www\/wp-content\/uploads\/2015\/03\/IMG_5327.jpg?ssl=1\"><img data-recalc-dims=\"1\" loading=\"lazy\" decoding=\"async\" class=\"alignnone size-large wp-image-492\" src=\"https:\/\/i0.wp.com\/www.valkeaunelma.fi\/valk_www\/wp-content\/uploads\/2015\/03\/IMG_5327.jpg?resize=375%2C500&#038;ssl=1\" alt=\"IMG_5327\" width=\"375\" height=\"500\" srcset=\"https:\/\/i0.wp.com\/www.valkeaunelma.fi\/valk_www\/wp-content\/uploads\/2015\/03\/IMG_5327.jpg?w=375&amp;ssl=1 375w, https:\/\/i0.wp.com\/www.valkeaunelma.fi\/valk_www\/wp-content\/uploads\/2015\/03\/IMG_5327.jpg?resize=225%2C300&amp;ssl=1 225w\" sizes=\"auto, (max-width: 375px) 100vw, 375px\" \/><\/a> <a href=\"https:\/\/i0.wp.com\/www.valkeaunelma.fi\/valk_www\/wp-content\/uploads\/2015\/03\/IMG_5319.jpg?ssl=1\"><img data-recalc-dims=\"1\" loading=\"lazy\" decoding=\"async\" class=\"alignnone size-large wp-image-493\" src=\"https:\/\/i0.wp.com\/www.valkeaunelma.fi\/valk_www\/wp-content\/uploads\/2015\/03\/IMG_5319.jpg?resize=375%2C500&#038;ssl=1\" alt=\"IMG_5319\" width=\"375\" height=\"500\" srcset=\"https:\/\/i0.wp.com\/www.valkeaunelma.fi\/valk_www\/wp-content\/uploads\/2015\/03\/IMG_5319.jpg?w=375&amp;ssl=1 375w, https:\/\/i0.wp.com\/www.valkeaunelma.fi\/valk_www\/wp-content\/uploads\/2015\/03\/IMG_5319.jpg?resize=225%2C300&amp;ssl=1 225w\" sizes=\"auto, (max-width: 375px) 100vw, 375px\" \/><br \/>\n<\/a>T\u00e4m\u00e4 kuva on sivuterassiltamme. Siell\u00e4 tulee aivan liian v\u00e4h\u00e4n vietetty\u00e4 aikaa. Kuitenkin ilo silm\u00e4lle ja kaunis katsella. Ehk\u00e4 sitten kun lapset lent\u00e4v\u00e4t pes\u00e4st\u00e4 t\u00e4ss\u00e4 kerki\u00e4\u00e4 nautiskella vaikkapa aamupalan. Mieless\u00e4 on jos t\u00e4h\u00e4n rakentaisi jatkoksi viel\u00e4 pergolan&#8230; Olisiko t\u00e4m\u00e4 sitten se &#8221;kolmas olohuone&#8221;.<br \/>\n<a href=\"https:\/\/i0.wp.com\/www.valkeaunelma.fi\/valk_www\/wp-content\/uploads\/2015\/03\/IMG_5326.jpg?ssl=1\"><img data-recalc-dims=\"1\" loading=\"lazy\" decoding=\"async\" class=\"alignnone size-large wp-image-494\" src=\"https:\/\/i0.wp.com\/www.valkeaunelma.fi\/valk_www\/wp-content\/uploads\/2015\/03\/IMG_5326.jpg?resize=375%2C500&#038;ssl=1\" alt=\"IMG_5326\" width=\"375\" height=\"500\" srcset=\"https:\/\/i0.wp.com\/www.valkeaunelma.fi\/valk_www\/wp-content\/uploads\/2015\/03\/IMG_5326.jpg?w=375&amp;ssl=1 375w, https:\/\/i0.wp.com\/www.valkeaunelma.fi\/valk_www\/wp-content\/uploads\/2015\/03\/IMG_5326.jpg?resize=225%2C300&amp;ssl=1 225w\" sizes=\"auto, (max-width: 375px) 100vw, 375px\" \/><\/a> <a href=\"https:\/\/i0.wp.com\/www.valkeaunelma.fi\/valk_www\/wp-content\/uploads\/2015\/03\/Lintuhakki_terassilla.jpg?ssl=1\"><img data-recalc-dims=\"1\" loading=\"lazy\" decoding=\"async\" class=\"alignnone size-large wp-image-495\" src=\"https:\/\/i0.wp.com\/www.valkeaunelma.fi\/valk_www\/wp-content\/uploads\/2015\/03\/Lintuhakki_terassilla.jpg?resize=375%2C500&#038;ssl=1\" alt=\"Lintuhakki_terassilla\" width=\"375\" height=\"500\" srcset=\"https:\/\/i0.wp.com\/www.valkeaunelma.fi\/valk_www\/wp-content\/uploads\/2015\/03\/Lintuhakki_terassilla.jpg?w=375&amp;ssl=1 375w, https:\/\/i0.wp.com\/www.valkeaunelma.fi\/valk_www\/wp-content\/uploads\/2015\/03\/Lintuhakki_terassilla.jpg?resize=225%2C300&amp;ssl=1 225w\" sizes=\"auto, (max-width: 375px) 100vw, 375px\" \/><\/a> <a href=\"https:\/\/i0.wp.com\/www.valkeaunelma.fi\/valk_www\/wp-content\/uploads\/2015\/03\/Kynttelikko_terassilla.jpg?ssl=1\"><img data-recalc-dims=\"1\" loading=\"lazy\" decoding=\"async\" class=\"alignnone size-large wp-image-496\" src=\"https:\/\/i0.wp.com\/www.valkeaunelma.fi\/valk_www\/wp-content\/uploads\/2015\/03\/Kynttelikko_terassilla.jpg?resize=371%2C500&#038;ssl=1\" alt=\"Kynttelikko_terassilla\" width=\"371\" height=\"500\" srcset=\"https:\/\/i0.wp.com\/www.valkeaunelma.fi\/valk_www\/wp-content\/uploads\/2015\/03\/Kynttelikko_terassilla.jpg?w=371&amp;ssl=1 371w, https:\/\/i0.wp.com\/www.valkeaunelma.fi\/valk_www\/wp-content\/uploads\/2015\/03\/Kynttelikko_terassilla.jpg?resize=223%2C300&amp;ssl=1 223w\" sizes=\"auto, (max-width: 371px) 100vw, 371px\" \/><\/a> <a href=\"https:\/\/i0.wp.com\/www.valkeaunelma.fi\/valk_www\/wp-content\/uploads\/2015\/03\/Patio_ikkunapeili.jpg?ssl=1\"><img data-recalc-dims=\"1\" loading=\"lazy\" decoding=\"async\" class=\"alignnone size-large wp-image-497\" src=\"https:\/\/i0.wp.com\/www.valkeaunelma.fi\/valk_www\/wp-content\/uploads\/2015\/03\/Patio_ikkunapeili.jpg?resize=375%2C500&#038;ssl=1\" alt=\"Patio_ikkunapeili\" width=\"375\" height=\"500\" srcset=\"https:\/\/i0.wp.com\/www.valkeaunelma.fi\/valk_www\/wp-content\/uploads\/2015\/03\/Patio_ikkunapeili.jpg?w=375&amp;ssl=1 375w, https:\/\/i0.wp.com\/www.valkeaunelma.fi\/valk_www\/wp-content\/uploads\/2015\/03\/Patio_ikkunapeili.jpg?resize=225%2C300&amp;ssl=1 225w\" sizes=\"auto, (max-width: 375px) 100vw, 375px\" \/><br \/>\n<\/a>8\/2012<br \/>\nKuten jo kirjoitin ett\u00e4 pation laajennus on sitten varmaan t\u00e4ss\u00e4 kun kerran &#8221;tila&#8221; loppuu kesken,niin eip\u00e4s n\u00e4in ollutkaan. Meid\u00e4n talon edess\u00e4 etuterassin ja varsinaisen pation v\u00e4liss\u00e4 oli aita. Aidan teimme talon rakentamisen aikaan. Joskus mies sanoi kun varsinaista patiota rakensimme ett\u00e4 jos nuo aidat otettaisiin pois. T\u00e4h\u00e4n en suostunut jostakin kumman syyst\u00e4. Nyt sitten pohdimme asiaa j\u00e4lleen kerran. Etuterassilla ei oikein ollut varsinaista k\u00e4ytt\u00f6\u00e4 ja eikuin tuumasta toimeen. Otin sahan kauniiseen k\u00e4teeni. Lopputulos kielt\u00e4m\u00e4tt\u00e4 pelotti. Mies teki viel\u00e4 askelman etuterassilta varsinaiselle patiolle ja voi kuinka avaraa, ilmavaa ja yhten\u00e4ist\u00e4 t\u00e4st\u00e4kin tilasta tuli. Laudoissa n\u00e4kyy nyt selvemmin nuo s\u00e4vyerot mit\u00e4 vuosien varrella on tullut, mutta ensi kev\u00e4\u00e4n\u00e4 j\u00e4lleen terassipesut ja \u00f6ljy\u00e4miset. Kielt\u00e4m\u00e4tt\u00e4 t\u00e4m\u00e4 olisi t\u00e4ytynyt tehd\u00e4 jo aikaa sitten. Nyt t\u00e4m\u00e4 kes\u00e4 alkaa olla jo syksyn puolella ja vasta ensi kes\u00e4n\u00e4 p\u00e4\u00e4see t\u00e4m\u00e4nkin sisustamaan ja nauttimaan, toivottavasti, kauniista kes\u00e4ilmoista &#8221;uudistetulla&#8221; patiolla.<br \/>\n<a href=\"https:\/\/i0.wp.com\/www.valkeaunelma.fi\/valk_www\/wp-content\/uploads\/2015\/03\/Etuterassi_laajennettuna_2.jpg?ssl=1\"><img data-recalc-dims=\"1\" loading=\"lazy\" decoding=\"async\" class=\"alignnone size-large wp-image-498\" src=\"https:\/\/i0.wp.com\/www.valkeaunelma.fi\/valk_www\/wp-content\/uploads\/2015\/03\/Etuterassi_laajennettuna_2.jpg?resize=500%2C374&#038;ssl=1\" alt=\"Etuterassi_laajennettuna_2\" width=\"500\" height=\"374\" srcset=\"https:\/\/i0.wp.com\/www.valkeaunelma.fi\/valk_www\/wp-content\/uploads\/2015\/03\/Etuterassi_laajennettuna_2.jpg?w=500&amp;ssl=1 500w, https:\/\/i0.wp.com\/www.valkeaunelma.fi\/valk_www\/wp-content\/uploads\/2015\/03\/Etuterassi_laajennettuna_2.jpg?resize=300%2C224&amp;ssl=1 300w\" sizes=\"auto, (max-width: 500px) 100vw, 500px\" \/><\/a> <a href=\"https:\/\/i0.wp.com\/www.valkeaunelma.fi\/valk_www\/wp-content\/uploads\/2015\/03\/Etuterassi_laajennettuna_3.jpg?ssl=1\"><img data-recalc-dims=\"1\" loading=\"lazy\" decoding=\"async\" class=\"alignnone size-large wp-image-499\" src=\"https:\/\/i0.wp.com\/www.valkeaunelma.fi\/valk_www\/wp-content\/uploads\/2015\/03\/Etuterassi_laajennettuna_3.jpg?resize=500%2C374&#038;ssl=1\" alt=\"Etuterassi_laajennettuna_3\" width=\"500\" height=\"374\" srcset=\"https:\/\/i0.wp.com\/www.valkeaunelma.fi\/valk_www\/wp-content\/uploads\/2015\/03\/Etuterassi_laajennettuna_3.jpg?w=500&amp;ssl=1 500w, https:\/\/i0.wp.com\/www.valkeaunelma.fi\/valk_www\/wp-content\/uploads\/2015\/03\/Etuterassi_laajennettuna_3.jpg?resize=300%2C224&amp;ssl=1 300w\" sizes=\"auto, (max-width: 500px) 100vw, 500px\" \/><\/a> <a href=\"https:\/\/i0.wp.com\/www.valkeaunelma.fi\/valk_www\/wp-content\/uploads\/2015\/03\/Etuterassi_laajennettuna_4.jpg?ssl=1\"><img data-recalc-dims=\"1\" loading=\"lazy\" decoding=\"async\" class=\"alignnone size-large wp-image-500\" src=\"https:\/\/i0.wp.com\/www.valkeaunelma.fi\/valk_www\/wp-content\/uploads\/2015\/03\/Etuterassi_laajennettuna_4.jpg?resize=500%2C374&#038;ssl=1\" alt=\"Etuterassi_laajennettuna_4\" width=\"500\" height=\"374\" srcset=\"https:\/\/i0.wp.com\/www.valkeaunelma.fi\/valk_www\/wp-content\/uploads\/2015\/03\/Etuterassi_laajennettuna_4.jpg?w=500&amp;ssl=1 500w, https:\/\/i0.wp.com\/www.valkeaunelma.fi\/valk_www\/wp-content\/uploads\/2015\/03\/Etuterassi_laajennettuna_4.jpg?resize=300%2C224&amp;ssl=1 300w\" sizes=\"auto, (max-width: 500px) 100vw, 500px\" \/><\/a> <a href=\"https:\/\/i0.wp.com\/www.valkeaunelma.fi\/valk_www\/wp-content\/uploads\/2015\/03\/Terassipoyta.jpg?ssl=1\"><img data-recalc-dims=\"1\" loading=\"lazy\" decoding=\"async\" class=\"alignnone size-large wp-image-501\" src=\"https:\/\/i0.wp.com\/www.valkeaunelma.fi\/valk_www\/wp-content\/uploads\/2015\/03\/Terassipoyta.jpg?resize=500%2C374&#038;ssl=1\" alt=\"Terassipoyta\" width=\"500\" height=\"374\" srcset=\"https:\/\/i0.wp.com\/www.valkeaunelma.fi\/valk_www\/wp-content\/uploads\/2015\/03\/Terassipoyta.jpg?w=500&amp;ssl=1 500w, https:\/\/i0.wp.com\/www.valkeaunelma.fi\/valk_www\/wp-content\/uploads\/2015\/03\/Terassipoyta.jpg?resize=300%2C224&amp;ssl=1 300w\" sizes=\"auto, (max-width: 500px) 100vw, 500px\" \/><\/a> <a href=\"https:\/\/i0.wp.com\/www.valkeaunelma.fi\/valk_www\/wp-content\/uploads\/2015\/03\/Keinutuoli1.jpg?ssl=1\"><img data-recalc-dims=\"1\" loading=\"lazy\" decoding=\"async\" class=\"alignnone size-large wp-image-502\" src=\"https:\/\/i0.wp.com\/www.valkeaunelma.fi\/valk_www\/wp-content\/uploads\/2015\/03\/Keinutuoli1.jpg?resize=500%2C374&#038;ssl=1\" alt=\"Keinutuoli\" width=\"500\" height=\"374\" srcset=\"https:\/\/i0.wp.com\/www.valkeaunelma.fi\/valk_www\/wp-content\/uploads\/2015\/03\/Keinutuoli1.jpg?w=500&amp;ssl=1 500w, https:\/\/i0.wp.com\/www.valkeaunelma.fi\/valk_www\/wp-content\/uploads\/2015\/03\/Keinutuoli1.jpg?resize=300%2C224&amp;ssl=1 300w\" sizes=\"auto, (max-width: 500px) 100vw, 500px\" \/><\/a><\/p>\n","protected":false},"excerpt":{"rendered":"<p>Pihallamme on aina ollut jonkinlainen patio, mutta vuosien saatossa sit\u00e4 on aina suurennettu ja uudistettu.<\/p>\n","protected":false},"author":3,"featured_media":0,"comment_status":"closed","ping_status":"closed","sticky":false,"template":"","format":"standard","meta":{"ngg_post_thumbnail":0,"_jetpack_memberships_contains_paid_content":false,"footnotes":""},"categories":[11,25],"tags":[],"class_list":["post-478","post","type-post","status-publish","format-standard","hentry","category-koti","category-sisustus"],"jetpack_featured_media_url":"","jetpack_sharing_enabled":true,"_links":{"self":[{"href":"https:\/\/www.valkeaunelma.fi\/valk_www\/index.php?rest_route=\/wp\/v2\/posts\/478","targetHints":{"allow":["GET"]}}],"collection":[{"href":"https:\/\/www.valkeaunelma.fi\/valk_www\/index.php?rest_route=\/wp\/v2\/posts"}],"about":[{"href":"https:\/\/www.valkeaunelma.fi\/valk_www\/index.php?rest_route=\/wp\/v2\/types\/post"}],"author":[{"embeddable":true,"href":"https:\/\/www.valkeaunelma.fi\/valk_www\/index.php?rest_route=\/wp\/v2\/users\/3"}],"replies":[{"embeddable":true,"href":"https:\/\/www.valkeaunelma.fi\/valk_www\/index.php?rest_route=%2Fwp%2Fv2%2Fcomments&post=478"}],"version-history":[{"count":1,"href":"https:\/\/www.valkeaunelma.fi\/valk_www\/index.php?rest_route=\/wp\/v2\/posts\/478\/revisions"}],"predecessor-version":[{"id":3621,"href":"https:\/\/www.valkeaunelma.fi\/valk_www\/index.php?rest_route=\/wp\/v2\/posts\/478\/revisions\/3621"}],"wp:attachment":[{"href":"https:\/\/www.valkeaunelma.fi\/valk_www\/index.php?rest_route=%2Fwp%2Fv2%2Fmedia&parent=478"}],"wp:term":[{"taxonomy":"category","embeddable":true,"href":"https:\/\/www.valkeaunelma.fi\/valk_www\/index.php?rest_route=%2Fwp%2Fv2%2Fcategories&post=478"},{"taxonomy":"post_tag","embeddable":true,"href":"https:\/\/www.valkeaunelma.fi\/valk_www\/index.php?rest_route=%2Fwp%2Fv2%2Ftags&post=478"}],"curies":[{"name":"wp","href":"https:\/\/api.w.org\/{rel}","templated":true}]}}