{"id":517,"date":"2011-04-21T13:39:23","date_gmt":"2011-04-21T13:39:23","guid":{"rendered":"http:\/\/31.217.196.205\/~mrqxsqrz\/valk_www\/?p=517"},"modified":"2017-08-21T16:29:03","modified_gmt":"2017-08-21T16:29:03","slug":"valkaistu-penkki","status":"publish","type":"post","link":"https:\/\/www.valkeaunelma.fi\/valk_www\/?p=517","title":{"rendered":"Valkaistu penkki"},"content":{"rendered":"<p><a href=\"https:\/\/i0.wp.com\/www.valkeaunelma.fi\/valk_www\/wp-content\/uploads\/2015\/03\/Valkaistu_penkki.jpg?ssl=1\"><img data-recalc-dims=\"1\" loading=\"lazy\" decoding=\"async\" class=\"alignnone size-large wp-image-518\" src=\"https:\/\/i0.wp.com\/www.valkeaunelma.fi\/valk_www\/wp-content\/uploads\/2015\/03\/Valkaistu_penkki.jpg?resize=604%2C436&#038;ssl=1\" alt=\"Valkaistu_penkki\" width=\"604\" height=\"436\" srcset=\"https:\/\/i0.wp.com\/www.valkeaunelma.fi\/valk_www\/wp-content\/uploads\/2015\/03\/Valkaistu_penkki.jpg?resize=1024%2C740&amp;ssl=1 1024w, https:\/\/i0.wp.com\/www.valkeaunelma.fi\/valk_www\/wp-content\/uploads\/2015\/03\/Valkaistu_penkki.jpg?resize=300%2C217&amp;ssl=1 300w, https:\/\/i0.wp.com\/www.valkeaunelma.fi\/valk_www\/wp-content\/uploads\/2015\/03\/Valkaistu_penkki.jpg?w=1200&amp;ssl=1 1200w\" sizes=\"auto, (max-width: 604px) 100vw, 604px\" \/><\/a><\/p>\n<p>T\u00e4llainen penkki oli hakusessa s\u00e4nkymme jalkop\u00e4\u00e4tyyn ja sattumalta sen sitten sainkin &#8221;j\u00e4ljitetty\u00e4&#8221;. Tosin penkki oli alkuper\u00e4isess\u00e4 kunnossa eli puunv\u00e4rinen. Huolellinen pesu ja j\u00e4lleen valkaisu ja kaiken kruunaa kaunis teksti ja koko komeus on siin\u00e4. Penkin alla on mukavasti s\u00e4ilytystilaa petivaatteille. T\u00e4m\u00e4kin oli oikea l\u00f6yt\u00f6!<\/p>\n","protected":false},"excerpt":{"rendered":"<p>T\u00e4llainen penkki oli hakusessa s\u00e4nkymme jalkop\u00e4\u00e4tyyn ja sattumalta sen sitten sainkin &#8221;j\u00e4ljitetty\u00e4&#8221;. Tosin penkki oli alkuper\u00e4isess\u00e4 kunnossa eli puunv\u00e4rinen. Huolellinen pesu ja j\u00e4lleen valkaisu ja kaiken kruunaa kaunis teksti ja koko komeus on siin\u00e4. Penkin alla on mukavasti s\u00e4ilytystilaa petivaatteille. T\u00e4m\u00e4kin oli oikea l\u00f6yt\u00f6!<\/p>\n","protected":false},"author":3,"featured_media":0,"comment_status":"closed","ping_status":"closed","sticky":false,"template":"","format":"standard","meta":{"ngg_post_thumbnail":0,"_jetpack_memberships_contains_paid_content":false,"footnotes":""},"categories":[13],"tags":[],"class_list":["post-517","post","type-post","status-publish","format-standard","hentry","category-tuunatut-huonekalut"],"jetpack_featured_media_url":"","jetpack_sharing_enabled":true,"_links":{"self":[{"href":"https:\/\/www.valkeaunelma.fi\/valk_www\/index.php?rest_route=\/wp\/v2\/posts\/517","targetHints":{"allow":["GET"]}}],"collection":[{"href":"https:\/\/www.valkeaunelma.fi\/valk_www\/index.php?rest_route=\/wp\/v2\/posts"}],"about":[{"href":"https:\/\/www.valkeaunelma.fi\/valk_www\/index.php?rest_route=\/wp\/v2\/types\/post"}],"author":[{"embeddable":true,"href":"https:\/\/www.valkeaunelma.fi\/valk_www\/index.php?rest_route=\/wp\/v2\/users\/3"}],"replies":[{"embeddable":true,"href":"https:\/\/www.valkeaunelma.fi\/valk_www\/index.php?rest_route=%2Fwp%2Fv2%2Fcomments&post=517"}],"version-history":[{"count":1,"href":"https:\/\/www.valkeaunelma.fi\/valk_www\/index.php?rest_route=\/wp\/v2\/posts\/517\/revisions"}],"predecessor-version":[{"id":3625,"href":"https:\/\/www.valkeaunelma.fi\/valk_www\/index.php?rest_route=\/wp\/v2\/posts\/517\/revisions\/3625"}],"wp:attachment":[{"href":"https:\/\/www.valkeaunelma.fi\/valk_www\/index.php?rest_route=%2Fwp%2Fv2%2Fmedia&parent=517"}],"wp:term":[{"taxonomy":"category","embeddable":true,"href":"https:\/\/www.valkeaunelma.fi\/valk_www\/index.php?rest_route=%2Fwp%2Fv2%2Fcategories&post=517"},{"taxonomy":"post_tag","embeddable":true,"href":"https:\/\/www.valkeaunelma.fi\/valk_www\/index.php?rest_route=%2Fwp%2Fv2%2Ftags&post=517"}],"curies":[{"name":"wp","href":"https:\/\/api.w.org\/{rel}","templated":true}]}}