{"id":520,"date":"2011-04-21T13:38:17","date_gmt":"2011-04-21T13:38:17","guid":{"rendered":"http:\/\/31.217.196.205\/~mrqxsqrz\/valk_www\/?p=520"},"modified":"2017-08-21T16:29:38","modified_gmt":"2017-08-21T16:29:38","slug":"valkaistu-mantyinen-apteekkarinlipasto","status":"publish","type":"post","link":"https:\/\/www.valkeaunelma.fi\/valk_www\/?p=520","title":{"rendered":"Valkaistu m\u00e4ntyinen apteekkarinlipasto"},"content":{"rendered":"<p><a href=\"https:\/\/i0.wp.com\/www.valkeaunelma.fi\/valk_www\/wp-content\/uploads\/2015\/03\/Valkaistu_mantylipasto.jpg?ssl=1\"><img data-recalc-dims=\"1\" loading=\"lazy\" decoding=\"async\" class=\"alignnone size-large wp-image-521\" src=\"https:\/\/i0.wp.com\/www.valkeaunelma.fi\/valk_www\/wp-content\/uploads\/2015\/03\/Valkaistu_mantylipasto.jpg?resize=500%2C1024&#038;ssl=1\" alt=\"Valkaistu_mantylipasto\" width=\"500\" height=\"1024\" srcset=\"https:\/\/i0.wp.com\/www.valkeaunelma.fi\/valk_www\/wp-content\/uploads\/2015\/03\/Valkaistu_mantylipasto.jpg?resize=500%2C1024&amp;ssl=1 500w, https:\/\/i0.wp.com\/www.valkeaunelma.fi\/valk_www\/wp-content\/uploads\/2015\/03\/Valkaistu_mantylipasto.jpg?resize=147%2C300&amp;ssl=1 147w, https:\/\/i0.wp.com\/www.valkeaunelma.fi\/valk_www\/wp-content\/uploads\/2015\/03\/Valkaistu_mantylipasto.jpg?w=586&amp;ssl=1 586w\" sizes=\"auto, (max-width: 500px) 100vw, 500px\" \/><\/a><\/p>\n<p>Yl\u00e4kerran aulassa on meid\u00e4n m\u00e4ntypuinen apteekkarinlipasto.Sekin t\u00e4ytyi valkaista t\u00e4ss\u00e4 valkaisu vimmassa ja kaunishan siit\u00e4kin tuli. Valkaisin vain laatikostot sek\u00e4 lipaston sivut. Alaosa sek\u00e4 p\u00f6yt\u00e4pinta saivat j\u00e4\u00e4d\u00e4 patinoituneen m\u00e4ntypuun v\u00e4risiksi. Antaa kummasti valoisuutta pieneen eteisaulaan. Lipaston p\u00e4\u00e4ll\u00e4 on vanha suuri ikkunanpoka. Poka on huolella putsattu ja maalattu huolimattomasti vaaleaksi ja kuluneen n\u00e4k\u00f6iseksi. Lis\u00e4ksi pokaan on laitettu peilit eli n\u00e4in siit\u00e4 saatiin todella n\u00e4ytt\u00e4v\u00e4 kokonaisuus ja kummasti tuo avaruutta aulatilaan. Koko komeus oli alkuun meid\u00e4n lasitetulla patiolla pihalla, mutta syksyn tullen toin sen sis\u00e4lle s\u00e4il\u00f6\u00f6n ja sinne se on sittemmin j\u00e4\u00e4nyt eli sen paikka l\u00f6ytyi n\u00e4in. En en\u00e4\u00e4 raaskinut vied\u00e4 sit\u00e4 ulos.<\/p>\n<p>Rakastan omien lasten valokuvia vuosien varsilta. Ja niit\u00e4 olenkin ker\u00e4illyt kauniiksi kokoelmiksi sinne t\u00e4nne. Lis\u00e4ksi kuvassa on rakas, edesmennyt koiraenkelimme.<\/p>\n","protected":false},"excerpt":{"rendered":"<p>Yl\u00e4kerran aulassa on meid\u00e4n m\u00e4ntypuinen apteekkarinlipasto.Sekin t\u00e4ytyi valkaista t\u00e4ss\u00e4 valkaisu vimmassa ja kaunishan siit\u00e4kin tuli. Valkaisin vain laatikostot sek\u00e4 lipaston sivut. Alaosa sek\u00e4 p\u00f6yt\u00e4pinta saivat j\u00e4\u00e4d\u00e4 patinoituneen m\u00e4ntypuun v\u00e4risiksi. Antaa kummasti valoisuutta pieneen eteisaulaan. Lipaston p\u00e4\u00e4ll\u00e4 on vanha suuri ikkunanpoka. Poka on huolella putsattu ja maalattu huolimattomasti vaaleaksi ja kuluneen n\u00e4k\u00f6iseksi. Lis\u00e4ksi pokaan on laitettu &hellip; <a href=\"https:\/\/www.valkeaunelma.fi\/valk_www\/?p=520\" class=\"more-link\">Jatka lukemista <span class=\"screen-reader-text\">Valkaistu m\u00e4ntyinen apteekkarinlipasto<\/span> <span class=\"meta-nav\">&rarr;<\/span><\/a><\/p>\n","protected":false},"author":3,"featured_media":0,"comment_status":"closed","ping_status":"closed","sticky":false,"template":"","format":"standard","meta":{"ngg_post_thumbnail":0,"_jetpack_memberships_contains_paid_content":false,"footnotes":""},"categories":[13],"tags":[],"class_list":["post-520","post","type-post","status-publish","format-standard","hentry","category-tuunatut-huonekalut"],"jetpack_featured_media_url":"","jetpack_sharing_enabled":true,"_links":{"self":[{"href":"https:\/\/www.valkeaunelma.fi\/valk_www\/index.php?rest_route=\/wp\/v2\/posts\/520","targetHints":{"allow":["GET"]}}],"collection":[{"href":"https:\/\/www.valkeaunelma.fi\/valk_www\/index.php?rest_route=\/wp\/v2\/posts"}],"about":[{"href":"https:\/\/www.valkeaunelma.fi\/valk_www\/index.php?rest_route=\/wp\/v2\/types\/post"}],"author":[{"embeddable":true,"href":"https:\/\/www.valkeaunelma.fi\/valk_www\/index.php?rest_route=\/wp\/v2\/users\/3"}],"replies":[{"embeddable":true,"href":"https:\/\/www.valkeaunelma.fi\/valk_www\/index.php?rest_route=%2Fwp%2Fv2%2Fcomments&post=520"}],"version-history":[{"count":1,"href":"https:\/\/www.valkeaunelma.fi\/valk_www\/index.php?rest_route=\/wp\/v2\/posts\/520\/revisions"}],"predecessor-version":[{"id":3626,"href":"https:\/\/www.valkeaunelma.fi\/valk_www\/index.php?rest_route=\/wp\/v2\/posts\/520\/revisions\/3626"}],"wp:attachment":[{"href":"https:\/\/www.valkeaunelma.fi\/valk_www\/index.php?rest_route=%2Fwp%2Fv2%2Fmedia&parent=520"}],"wp:term":[{"taxonomy":"category","embeddable":true,"href":"https:\/\/www.valkeaunelma.fi\/valk_www\/index.php?rest_route=%2Fwp%2Fv2%2Fcategories&post=520"},{"taxonomy":"post_tag","embeddable":true,"href":"https:\/\/www.valkeaunelma.fi\/valk_www\/index.php?rest_route=%2Fwp%2Fv2%2Ftags&post=520"}],"curies":[{"name":"wp","href":"https:\/\/api.w.org\/{rel}","templated":true}]}}