{"id":528,"date":"2011-04-21T13:35:14","date_gmt":"2011-04-21T13:35:14","guid":{"rendered":"http:\/\/31.217.196.205\/~mrqxsqrz\/valk_www\/?p=528"},"modified":"2017-08-21T17:26:13","modified_gmt":"2017-08-21T17:26:13","slug":"prinsessan-kampauspoydan-uusi-elama","status":"publish","type":"post","link":"https:\/\/www.valkeaunelma.fi\/valk_www\/?p=528","title":{"rendered":"Prinsessan kampausp\u00f6yd\u00e4n uusi el\u00e4m\u00e4"},"content":{"rendered":"<p><a href=\"https:\/\/i0.wp.com\/www.valkeaunelma.fi\/valk_www\/wp-content\/uploads\/2015\/03\/Prinsessan_kampauspoyta.jpg?ssl=1\"><img data-recalc-dims=\"1\" loading=\"lazy\" decoding=\"async\" class=\"alignnone size-large wp-image-529\" src=\"https:\/\/i0.wp.com\/www.valkeaunelma.fi\/valk_www\/wp-content\/uploads\/2015\/03\/Prinsessan_kampauspoyta.jpg?resize=604%2C800&#038;ssl=1\" alt=\"Prinsessan_kampauspoyta\" width=\"604\" height=\"800\" srcset=\"https:\/\/i0.wp.com\/www.valkeaunelma.fi\/valk_www\/wp-content\/uploads\/2015\/03\/Prinsessan_kampauspoyta.jpg?resize=773%2C1024&amp;ssl=1 773w, https:\/\/i0.wp.com\/www.valkeaunelma.fi\/valk_www\/wp-content\/uploads\/2015\/03\/Prinsessan_kampauspoyta.jpg?resize=227%2C300&amp;ssl=1 227w, https:\/\/i0.wp.com\/www.valkeaunelma.fi\/valk_www\/wp-content\/uploads\/2015\/03\/Prinsessan_kampauspoyta.jpg?w=906&amp;ssl=1 906w\" sizes=\"auto, (max-width: 604px) 100vw, 604px\" \/><\/a>\u00a0T\u00e4m\u00e4 on oikea aarre! T\u00e4m\u00e4n ihastuttavan vanhan ja jo aikansa el\u00e4neen lasten kampausp\u00f6yd\u00e4n ja pinnatuolin l\u00f6ysin aivan sattumalta. Ihastuin siihen v\u00e4litt\u00f6m\u00e4sti ja n\u00e4in sen jo uudessa kuosissaan. Kevyt hionta ja vaaleaa maalia pintaan niin kaunishan siit\u00e4 tuli. Peilin kehyksiin painoin muutaman herk\u00e4n ruusun sek\u00e4 kauniin kuvion. Pinnatuolissa oli jo useita kerroksia laitettu vaihtop\u00e4\u00e4llisi\u00e4 p\u00e4\u00e4llek\u00e4in. Poistin kaikki vanhat kankaat ja alkuper\u00e4isen ruskean samettikankaan j\u00e4tin tilalle. Kuin tilauksesta l\u00f6ysin vaaleanpunaisen r\u00f6yhel\u00f6isen tuolin pehmusteen, joka on tarkoitettu juuri pinnatuoliin. T\u00e4m\u00e4 oli kuin piste iin p\u00e4\u00e4lle ja kokonaisuus on t\u00e4ydellinen. Ainakin melkein. Kampausp\u00f6yd\u00e4ss\u00e4 on ilmeisesti alkuper\u00e4inen peili, joka on jo paikoitellen tummunut eli se t\u00e4ytyy vaihtaa kun tyt\u00e4r alkaa ihan tosissaan k\u00e4ytt\u00e4m\u00e4\u00e4n kampausp\u00f6yt\u00e4\u00e4. T\u00e4m\u00e4 aarre oli jo nyt pakko lunastaa kun vastaan tuli vaikka sille ei nyt viel\u00e4 varsinaisesti ole k\u00e4ytt\u00f6\u00e4 ollutkaan. Tarkoituksella j\u00e4tin kokonaisuuden kauniin vaaleaksi ja ehk\u00e4 sitten joskus p\u00f6yt\u00e4 saa kauniin tekstin viel\u00e4 pintaansa.<\/p>\n<p><!--more--><\/p>\n<p><a href=\"https:\/\/i0.wp.com\/www.valkeaunelma.fi\/valk_www\/wp-content\/uploads\/2015\/03\/Prinsessapoydan_peili.jpg?ssl=1\"><img data-recalc-dims=\"1\" loading=\"lazy\" decoding=\"async\" class=\"alignnone size-large wp-image-530\" src=\"https:\/\/i0.wp.com\/www.valkeaunelma.fi\/valk_www\/wp-content\/uploads\/2015\/03\/Prinsessapoydan_peili.jpg?resize=500%2C375&#038;ssl=1\" alt=\"Prinsessapoydan_peili\" width=\"500\" height=\"375\" srcset=\"https:\/\/i0.wp.com\/www.valkeaunelma.fi\/valk_www\/wp-content\/uploads\/2015\/03\/Prinsessapoydan_peili.jpg?w=500&amp;ssl=1 500w, https:\/\/i0.wp.com\/www.valkeaunelma.fi\/valk_www\/wp-content\/uploads\/2015\/03\/Prinsessapoydan_peili.jpg?resize=300%2C225&amp;ssl=1 300w\" sizes=\"auto, (max-width: 500px) 100vw, 500px\" \/><\/a><\/p>\n","protected":false},"excerpt":{"rendered":"<p>\u00a0T\u00e4m\u00e4 on oikea aarre! T\u00e4m\u00e4n ihastuttavan vanhan ja jo aikansa el\u00e4neen lasten kampausp\u00f6yd\u00e4n ja pinnatuolin l\u00f6ysin aivan sattumalta. Ihastuin siihen v\u00e4litt\u00f6m\u00e4sti ja n\u00e4in sen jo uudessa kuosissaan. Kevyt hionta ja vaaleaa maalia pintaan niin kaunishan siit\u00e4 tuli. Peilin kehyksiin painoin muutaman herk\u00e4n ruusun sek\u00e4 kauniin kuvion. Pinnatuolissa oli jo useita kerroksia laitettu vaihtop\u00e4\u00e4llisi\u00e4 p\u00e4\u00e4llek\u00e4in. Poistin &hellip; <a href=\"https:\/\/www.valkeaunelma.fi\/valk_www\/?p=528\" class=\"more-link\">Jatka lukemista <span class=\"screen-reader-text\">Prinsessan kampausp\u00f6yd\u00e4n uusi el\u00e4m\u00e4<\/span> <span class=\"meta-nav\">&rarr;<\/span><\/a><\/p>\n","protected":false},"author":3,"featured_media":0,"comment_status":"closed","ping_status":"closed","sticky":false,"template":"","format":"standard","meta":{"ngg_post_thumbnail":0,"_jetpack_memberships_contains_paid_content":false,"footnotes":""},"categories":[13],"tags":[],"class_list":["post-528","post","type-post","status-publish","format-standard","hentry","category-tuunatut-huonekalut"],"jetpack_featured_media_url":"","jetpack_sharing_enabled":true,"_links":{"self":[{"href":"https:\/\/www.valkeaunelma.fi\/valk_www\/index.php?rest_route=\/wp\/v2\/posts\/528","targetHints":{"allow":["GET"]}}],"collection":[{"href":"https:\/\/www.valkeaunelma.fi\/valk_www\/index.php?rest_route=\/wp\/v2\/posts"}],"about":[{"href":"https:\/\/www.valkeaunelma.fi\/valk_www\/index.php?rest_route=\/wp\/v2\/types\/post"}],"author":[{"embeddable":true,"href":"https:\/\/www.valkeaunelma.fi\/valk_www\/index.php?rest_route=\/wp\/v2\/users\/3"}],"replies":[{"embeddable":true,"href":"https:\/\/www.valkeaunelma.fi\/valk_www\/index.php?rest_route=%2Fwp%2Fv2%2Fcomments&post=528"}],"version-history":[{"count":1,"href":"https:\/\/www.valkeaunelma.fi\/valk_www\/index.php?rest_route=\/wp\/v2\/posts\/528\/revisions"}],"predecessor-version":[{"id":3628,"href":"https:\/\/www.valkeaunelma.fi\/valk_www\/index.php?rest_route=\/wp\/v2\/posts\/528\/revisions\/3628"}],"wp:attachment":[{"href":"https:\/\/www.valkeaunelma.fi\/valk_www\/index.php?rest_route=%2Fwp%2Fv2%2Fmedia&parent=528"}],"wp:term":[{"taxonomy":"category","embeddable":true,"href":"https:\/\/www.valkeaunelma.fi\/valk_www\/index.php?rest_route=%2Fwp%2Fv2%2Fcategories&post=528"},{"taxonomy":"post_tag","embeddable":true,"href":"https:\/\/www.valkeaunelma.fi\/valk_www\/index.php?rest_route=%2Fwp%2Fv2%2Ftags&post=528"}],"curies":[{"name":"wp","href":"https:\/\/api.w.org\/{rel}","templated":true}]}}