{"id":532,"date":"2011-04-19T16:42:49","date_gmt":"2011-04-19T16:42:49","guid":{"rendered":"http:\/\/31.217.196.205\/~mrqxsqrz\/valk_www\/?p=532"},"modified":"2017-08-21T20:43:15","modified_gmt":"2017-08-21T20:43:15","slug":"kasvihuone","status":"publish","type":"post","link":"https:\/\/www.valkeaunelma.fi\/valk_www\/?p=532","title":{"rendered":"Kasvihuone"},"content":{"rendered":"<p><a href=\"https:\/\/i0.wp.com\/www.valkeaunelma.fi\/valk_www\/wp-content\/uploads\/2015\/03\/Kasvihuone_4dad7e0e95930.jpg?ssl=1\"><img data-recalc-dims=\"1\" loading=\"lazy\" decoding=\"async\" class=\"alignnone size-large wp-image-533\" src=\"https:\/\/i0.wp.com\/www.valkeaunelma.fi\/valk_www\/wp-content\/uploads\/2015\/03\/Kasvihuone_4dad7e0e95930.jpg?resize=604%2C805&#038;ssl=1\" alt=\"Kasvihuone_4dad7e0e95930\" width=\"604\" height=\"805\" srcset=\"https:\/\/i0.wp.com\/www.valkeaunelma.fi\/valk_www\/wp-content\/uploads\/2015\/03\/Kasvihuone_4dad7e0e95930.jpg?resize=768%2C1024&amp;ssl=1 768w, https:\/\/i0.wp.com\/www.valkeaunelma.fi\/valk_www\/wp-content\/uploads\/2015\/03\/Kasvihuone_4dad7e0e95930.jpg?resize=225%2C300&amp;ssl=1 225w, https:\/\/i0.wp.com\/www.valkeaunelma.fi\/valk_www\/wp-content\/uploads\/2015\/03\/Kasvihuone_4dad7e0e95930.jpg?w=900&amp;ssl=1 900w\" sizes=\"auto, (max-width: 604px) 100vw, 604px\" \/><\/a>\u00a0Olemme aina haaveilleet edes pienest\u00e4 kasvihuoneesta. Min\u00e4 en ole mik\u00e4\u00e4n viherpeukalo, mutta olisi mukavaa saada edes salaatti-ainekset omasta maasta kes\u00e4p\u00f6yt\u00e4\u00e4n. Viime kes\u00e4n\u00e4 sitten toteutimme haaveemme ja tulostakin syntyi, ehk\u00e4 v\u00e4h\u00e4n liikaakin. Mieheni rakensi kasvihuoneen ja min\u00e4 lasten kanssa sitten istuttelin siemeni\u00e4. Mieheni rakensi my\u00f6s kasvihuoneeseen kasteluj\u00e4rjestelm\u00e4n, onneksi meill\u00e4 on pihakaivo ja sit\u00e4kin tuli nyt k\u00e4ytetty\u00e4. Lapsetkin nauttivat kun sai seurata kasvua siemenest\u00e4 ruokap\u00f6yt\u00e4\u00e4n. Ja t\u00e4ytyih\u00e4n se kasvihuone laittaa my\u00f6s viihtyis\u00e4ksi ja l\u00f6ysin sinne tuollaisen s\u00f6p\u00f6n lasten rautatuolin.<\/p>\n<p><!--more--><\/p>\n<p><a href=\"https:\/\/i0.wp.com\/www.valkeaunelma.fi\/valk_www\/wp-content\/uploads\/2015\/03\/Kasvihuone_2.jpg?ssl=1\"><img data-recalc-dims=\"1\" loading=\"lazy\" decoding=\"async\" class=\"alignnone size-large wp-image-534\" src=\"https:\/\/i0.wp.com\/www.valkeaunelma.fi\/valk_www\/wp-content\/uploads\/2015\/03\/Kasvihuone_2.jpg?resize=447%2C500&#038;ssl=1\" alt=\"Kasvihuone_2\" width=\"447\" height=\"500\" srcset=\"https:\/\/i0.wp.com\/www.valkeaunelma.fi\/valk_www\/wp-content\/uploads\/2015\/03\/Kasvihuone_2.jpg?w=447&amp;ssl=1 447w, https:\/\/i0.wp.com\/www.valkeaunelma.fi\/valk_www\/wp-content\/uploads\/2015\/03\/Kasvihuone_2.jpg?resize=268%2C300&amp;ssl=1 268w\" sizes=\"auto, (max-width: 447px) 100vw, 447px\" \/><\/a> <a href=\"https:\/\/i0.wp.com\/www.valkeaunelma.fi\/valk_www\/wp-content\/uploads\/2015\/03\/Kasvihuone_tervetuloa_kyltti.jpg?ssl=1\"><img data-recalc-dims=\"1\" loading=\"lazy\" decoding=\"async\" class=\"alignnone size-large wp-image-535\" src=\"https:\/\/i0.wp.com\/www.valkeaunelma.fi\/valk_www\/wp-content\/uploads\/2015\/03\/Kasvihuone_tervetuloa_kyltti.jpg?resize=375%2C500&#038;ssl=1\" alt=\"Kasvihuone_tervetuloa_kyltti\" width=\"375\" height=\"500\" srcset=\"https:\/\/i0.wp.com\/www.valkeaunelma.fi\/valk_www\/wp-content\/uploads\/2015\/03\/Kasvihuone_tervetuloa_kyltti.jpg?w=375&amp;ssl=1 375w, https:\/\/i0.wp.com\/www.valkeaunelma.fi\/valk_www\/wp-content\/uploads\/2015\/03\/Kasvihuone_tervetuloa_kyltti.jpg?resize=225%2C300&amp;ssl=1 225w\" sizes=\"auto, (max-width: 375px) 100vw, 375px\" \/><br \/>\n<\/a>8\/2013<br \/>\nT\u00e4m\u00e4n kes\u00e4n satoa&#8230; Punasipulit on juuri nostettu kuivumaan. Basilika sek\u00e4 timjami innostuivat kasvamaan. My\u00f6s paprikat sek\u00e4 minitomaatit rehoittavat.<br \/>\n<a href=\"https:\/\/i0.wp.com\/www.valkeaunelma.fi\/valk_www\/wp-content\/uploads\/2015\/03\/Sipulit.jpg?ssl=1\"><img data-recalc-dims=\"1\" loading=\"lazy\" decoding=\"async\" class=\"alignnone size-large wp-image-536\" src=\"https:\/\/i0.wp.com\/www.valkeaunelma.fi\/valk_www\/wp-content\/uploads\/2015\/03\/Sipulit.jpg?resize=500%2C375&#038;ssl=1\" alt=\"Sipulit\" width=\"500\" height=\"375\" srcset=\"https:\/\/i0.wp.com\/www.valkeaunelma.fi\/valk_www\/wp-content\/uploads\/2015\/03\/Sipulit.jpg?w=500&amp;ssl=1 500w, https:\/\/i0.wp.com\/www.valkeaunelma.fi\/valk_www\/wp-content\/uploads\/2015\/03\/Sipulit.jpg?resize=300%2C225&amp;ssl=1 300w\" sizes=\"auto, (max-width: 500px) 100vw, 500px\" \/><\/a> <a href=\"https:\/\/i0.wp.com\/www.valkeaunelma.fi\/valk_www\/wp-content\/uploads\/2015\/03\/Basillika.jpg?ssl=1\"><img data-recalc-dims=\"1\" loading=\"lazy\" decoding=\"async\" class=\"alignnone size-large wp-image-537\" src=\"https:\/\/i0.wp.com\/www.valkeaunelma.fi\/valk_www\/wp-content\/uploads\/2015\/03\/Basillika.jpg?resize=375%2C500&#038;ssl=1\" alt=\"Basillika\" width=\"375\" height=\"500\" srcset=\"https:\/\/i0.wp.com\/www.valkeaunelma.fi\/valk_www\/wp-content\/uploads\/2015\/03\/Basillika.jpg?w=375&amp;ssl=1 375w, https:\/\/i0.wp.com\/www.valkeaunelma.fi\/valk_www\/wp-content\/uploads\/2015\/03\/Basillika.jpg?resize=225%2C300&amp;ssl=1 225w\" sizes=\"auto, (max-width: 375px) 100vw, 375px\" \/><\/a> <a href=\"https:\/\/i0.wp.com\/www.valkeaunelma.fi\/valk_www\/wp-content\/uploads\/2015\/03\/Tomaatti_ja_paprika.jpg?ssl=1\"><img data-recalc-dims=\"1\" loading=\"lazy\" decoding=\"async\" class=\"alignnone size-large wp-image-538\" src=\"https:\/\/i0.wp.com\/www.valkeaunelma.fi\/valk_www\/wp-content\/uploads\/2015\/03\/Tomaatti_ja_paprika.jpg?resize=500%2C375&#038;ssl=1\" alt=\"Tomaatti_ja_paprika\" width=\"500\" height=\"375\" srcset=\"https:\/\/i0.wp.com\/www.valkeaunelma.fi\/valk_www\/wp-content\/uploads\/2015\/03\/Tomaatti_ja_paprika.jpg?w=500&amp;ssl=1 500w, https:\/\/i0.wp.com\/www.valkeaunelma.fi\/valk_www\/wp-content\/uploads\/2015\/03\/Tomaatti_ja_paprika.jpg?resize=300%2C225&amp;ssl=1 300w\" sizes=\"auto, (max-width: 500px) 100vw, 500px\" \/><\/a> <a href=\"https:\/\/i0.wp.com\/www.valkeaunelma.fi\/valk_www\/wp-content\/uploads\/2015\/03\/Paprikat_korissa.jpg?ssl=1\"><img data-recalc-dims=\"1\" loading=\"lazy\" decoding=\"async\" class=\"alignnone size-large wp-image-539\" src=\"https:\/\/i0.wp.com\/www.valkeaunelma.fi\/valk_www\/wp-content\/uploads\/2015\/03\/Paprikat_korissa.jpg?resize=500%2C375&#038;ssl=1\" alt=\"Paprikat_korissa\" width=\"500\" height=\"375\" srcset=\"https:\/\/i0.wp.com\/www.valkeaunelma.fi\/valk_www\/wp-content\/uploads\/2015\/03\/Paprikat_korissa.jpg?w=500&amp;ssl=1 500w, https:\/\/i0.wp.com\/www.valkeaunelma.fi\/valk_www\/wp-content\/uploads\/2015\/03\/Paprikat_korissa.jpg?resize=300%2C225&amp;ssl=1 300w\" sizes=\"auto, (max-width: 500px) 100vw, 500px\" \/><br \/>\n<\/a>5\/2014<br \/>\nT\u00e4m\u00e4n kes\u00e4n antimia. My\u00f6s punasipulit on maassa sek\u00e4 avomaankurkut kasvavat sitten ihan taivasalla pihamaalla.<br \/>\n<a href=\"https:\/\/i0.wp.com\/www.valkeaunelma.fi\/valk_www\/wp-content\/uploads\/2015\/03\/Kasvihuone_yrtit.jpg?ssl=1\"><img data-recalc-dims=\"1\" loading=\"lazy\" decoding=\"async\" class=\"alignnone size-large wp-image-540\" src=\"https:\/\/i0.wp.com\/www.valkeaunelma.fi\/valk_www\/wp-content\/uploads\/2015\/03\/Kasvihuone_yrtit.jpg?resize=575%2C431&#038;ssl=1\" alt=\"Kasvihuone_yrtit\" width=\"575\" height=\"431\" srcset=\"https:\/\/i0.wp.com\/www.valkeaunelma.fi\/valk_www\/wp-content\/uploads\/2015\/03\/Kasvihuone_yrtit.jpg?w=575&amp;ssl=1 575w, https:\/\/i0.wp.com\/www.valkeaunelma.fi\/valk_www\/wp-content\/uploads\/2015\/03\/Kasvihuone_yrtit.jpg?resize=300%2C225&amp;ssl=1 300w\" sizes=\"auto, (max-width: 575px) 100vw, 575px\" \/><\/a><\/p>\n","protected":false},"excerpt":{"rendered":"<p>\u00a0Olemme aina haaveilleet edes pienest\u00e4 kasvihuoneesta. Min\u00e4 en ole mik\u00e4\u00e4n viherpeukalo, mutta olisi mukavaa saada edes salaatti-ainekset omasta maasta kes\u00e4p\u00f6yt\u00e4\u00e4n. Viime kes\u00e4n\u00e4 sitten toteutimme haaveemme ja tulostakin syntyi, ehk\u00e4 v\u00e4h\u00e4n liikaakin. Mieheni rakensi kasvihuoneen ja min\u00e4 lasten kanssa sitten istuttelin siemeni\u00e4. Mieheni rakensi my\u00f6s kasvihuoneeseen kasteluj\u00e4rjestelm\u00e4n, onneksi meill\u00e4 on pihakaivo ja sit\u00e4kin tuli nyt k\u00e4ytetty\u00e4. &hellip; <a href=\"https:\/\/www.valkeaunelma.fi\/valk_www\/?p=532\" class=\"more-link\">Jatka lukemista <span class=\"screen-reader-text\">Kasvihuone<\/span> <span class=\"meta-nav\">&rarr;<\/span><\/a><\/p>\n","protected":false},"author":3,"featured_media":0,"comment_status":"closed","ping_status":"closed","sticky":false,"template":"","format":"standard","meta":{"ngg_post_thumbnail":0,"_jetpack_memberships_contains_paid_content":false,"footnotes":""},"categories":[11,25],"tags":[],"class_list":["post-532","post","type-post","status-publish","format-standard","hentry","category-koti","category-sisustus"],"jetpack_featured_media_url":"","jetpack_sharing_enabled":true,"_links":{"self":[{"href":"https:\/\/www.valkeaunelma.fi\/valk_www\/index.php?rest_route=\/wp\/v2\/posts\/532","targetHints":{"allow":["GET"]}}],"collection":[{"href":"https:\/\/www.valkeaunelma.fi\/valk_www\/index.php?rest_route=\/wp\/v2\/posts"}],"about":[{"href":"https:\/\/www.valkeaunelma.fi\/valk_www\/index.php?rest_route=\/wp\/v2\/types\/post"}],"author":[{"embeddable":true,"href":"https:\/\/www.valkeaunelma.fi\/valk_www\/index.php?rest_route=\/wp\/v2\/users\/3"}],"replies":[{"embeddable":true,"href":"https:\/\/www.valkeaunelma.fi\/valk_www\/index.php?rest_route=%2Fwp%2Fv2%2Fcomments&post=532"}],"version-history":[{"count":1,"href":"https:\/\/www.valkeaunelma.fi\/valk_www\/index.php?rest_route=\/wp\/v2\/posts\/532\/revisions"}],"predecessor-version":[{"id":3663,"href":"https:\/\/www.valkeaunelma.fi\/valk_www\/index.php?rest_route=\/wp\/v2\/posts\/532\/revisions\/3663"}],"wp:attachment":[{"href":"https:\/\/www.valkeaunelma.fi\/valk_www\/index.php?rest_route=%2Fwp%2Fv2%2Fmedia&parent=532"}],"wp:term":[{"taxonomy":"category","embeddable":true,"href":"https:\/\/www.valkeaunelma.fi\/valk_www\/index.php?rest_route=%2Fwp%2Fv2%2Fcategories&post=532"},{"taxonomy":"post_tag","embeddable":true,"href":"https:\/\/www.valkeaunelma.fi\/valk_www\/index.php?rest_route=%2Fwp%2Fv2%2Ftags&post=532"}],"curies":[{"name":"wp","href":"https:\/\/api.w.org\/{rel}","templated":true}]}}