{"id":542,"date":"2011-04-18T13:36:58","date_gmt":"2011-04-18T13:36:58","guid":{"rendered":"http:\/\/31.217.196.205\/~mrqxsqrz\/valk_www\/?p=542"},"modified":"2022-07-06T18:19:53","modified_gmt":"2022-07-06T18:19:53","slug":"prinsessan-yopoydan-muodonmuutos","status":"publish","type":"post","link":"https:\/\/www.valkeaunelma.fi\/valk_www\/?p=542","title":{"rendered":"Prinsessan y\u00f6p\u00f6yd\u00e4n muodonmuutos"},"content":{"rendered":"<p><a href=\"https:\/\/i0.wp.com\/www.valkeaunelma.fi\/valk_www\/wp-content\/uploads\/2015\/03\/Prinsessan_yopoyta.jpg?ssl=1\"><img data-recalc-dims=\"1\" loading=\"lazy\" decoding=\"async\" src=\"https:\/\/i0.wp.com\/www.valkeaunelma.fi\/valk_www\/wp-content\/uploads\/2015\/03\/Prinsessan_yopoyta.jpg?resize=604%2C817&#038;ssl=1\" class=\"alignnone size-large wp-image-543\" width=\"604\" height=\"817\" alt=\"Prinsessan_yopoyta\" srcset=\"https:\/\/i0.wp.com\/www.valkeaunelma.fi\/valk_www\/wp-content\/uploads\/2015\/03\/Prinsessan_yopoyta.jpg?resize=757%2C1024&amp;ssl=1 757w, https:\/\/i0.wp.com\/www.valkeaunelma.fi\/valk_www\/wp-content\/uploads\/2015\/03\/Prinsessan_yopoyta.jpg?resize=222%2C300&amp;ssl=1 222w, https:\/\/i0.wp.com\/www.valkeaunelma.fi\/valk_www\/wp-content\/uploads\/2015\/03\/Prinsessan_yopoyta.jpg?w=887&amp;ssl=1 887w\" sizes=\"auto, (max-width: 604px) 100vw, 604px\" \/><\/a>&nbsp;T\u00e4m\u00e4 on Ikean m\u00e4ntypuinen p\u00f6yt\u00e4taso joka on jo n\u00e4hnyt aikaansa t\u00e4ss\u00e4 taloudessa. Ostettu joskus pojille y\u00f6p\u00f6yd\u00e4ksi ja siit\u00e4 sitten alkoi etsim\u00e4\u00e4n uutta paikkaansa. Alkuun piti poistaa kokonaan k\u00e4yt\u00f6st\u00e4, mutta lopulta valkaisin p\u00f6yd\u00e4n ja painoin kauniit tekstit. Hetken p\u00f6yt\u00e4 odotteli uutta k\u00e4ytt\u00f6tarkoitustaan. Mutta kun tyt\u00e4r siirtyi pinnas\u00e4ngyst\u00e4 ihanaan Ikean Minnen-rautas\u00e4nkyyn niin t\u00e4m\u00e4kin uudistettu y\u00f6p\u00f6yt\u00e4 sai sille tarkoitetun paikkansa. Ja kielt\u00e4m\u00e4tt\u00e4, kaunis ja yksinkertainen se on uudessa kuosissaan.<\/p>\n<p><!--more--><\/p>\n<p><a href=\"https:\/\/i0.wp.com\/www.valkeaunelma.fi\/valk_www\/wp-content\/uploads\/2015\/03\/Julian_nurkkaus_2.jpg?ssl=1\"><img data-recalc-dims=\"1\" loading=\"lazy\" decoding=\"async\" src=\"https:\/\/i0.wp.com\/www.valkeaunelma.fi\/valk_www\/wp-content\/uploads\/2015\/03\/Julian_nurkkaus_2.jpg?resize=377%2C500&#038;ssl=1\" class=\"alignnone size-large wp-image-544\" width=\"377\" height=\"500\" alt=\"Julian_nurkkaus_2\" srcset=\"https:\/\/i0.wp.com\/www.valkeaunelma.fi\/valk_www\/wp-content\/uploads\/2015\/03\/Julian_nurkkaus_2.jpg?w=377&amp;ssl=1 377w, https:\/\/i0.wp.com\/www.valkeaunelma.fi\/valk_www\/wp-content\/uploads\/2015\/03\/Julian_nurkkaus_2.jpg?resize=226%2C300&amp;ssl=1 226w\" sizes=\"auto, (max-width: 377px) 100vw, 377px\" \/><\/a><\/p>\n","protected":false},"excerpt":{"rendered":"<p>&nbsp;T\u00e4m\u00e4 on Ikean m\u00e4ntypuinen p\u00f6yt\u00e4taso joka on jo n\u00e4hnyt aikaansa t\u00e4ss\u00e4 taloudessa. Ostettu joskus pojille y\u00f6p\u00f6yd\u00e4ksi ja siit\u00e4 sitten alkoi etsim\u00e4\u00e4n uutta paikkaansa. Alkuun piti poistaa kokonaan k\u00e4yt\u00f6st\u00e4, mutta lopulta valkaisin p\u00f6yd\u00e4n ja painoin kauniit tekstit. Hetken p\u00f6yt\u00e4 odotteli uutta k\u00e4ytt\u00f6tarkoitustaan. Mutta kun tyt\u00e4r siirtyi pinnas\u00e4ngyst\u00e4 ihanaan Ikean Minnen-rautas\u00e4nkyyn niin t\u00e4m\u00e4kin uudistettu y\u00f6p\u00f6yt\u00e4 sai sille &hellip; <a href=\"https:\/\/www.valkeaunelma.fi\/valk_www\/?p=542\" class=\"more-link\">Jatka lukemista <span class=\"screen-reader-text\">Prinsessan y\u00f6p\u00f6yd\u00e4n muodonmuutos<\/span> <span class=\"meta-nav\">&rarr;<\/span><\/a><\/p>\n","protected":false},"author":3,"featured_media":0,"comment_status":"closed","ping_status":"closed","sticky":false,"template":"","format":"standard","meta":{"ngg_post_thumbnail":0,"_jetpack_memberships_contains_paid_content":false,"footnotes":""},"categories":[13],"tags":[],"class_list":["post-542","post","type-post","status-publish","format-standard","hentry","category-tuunatut-huonekalut"],"jetpack_featured_media_url":"","jetpack_sharing_enabled":true,"_links":{"self":[{"href":"https:\/\/www.valkeaunelma.fi\/valk_www\/index.php?rest_route=\/wp\/v2\/posts\/542","targetHints":{"allow":["GET"]}}],"collection":[{"href":"https:\/\/www.valkeaunelma.fi\/valk_www\/index.php?rest_route=\/wp\/v2\/posts"}],"about":[{"href":"https:\/\/www.valkeaunelma.fi\/valk_www\/index.php?rest_route=\/wp\/v2\/types\/post"}],"author":[{"embeddable":true,"href":"https:\/\/www.valkeaunelma.fi\/valk_www\/index.php?rest_route=\/wp\/v2\/users\/3"}],"replies":[{"embeddable":true,"href":"https:\/\/www.valkeaunelma.fi\/valk_www\/index.php?rest_route=%2Fwp%2Fv2%2Fcomments&post=542"}],"version-history":[{"count":2,"href":"https:\/\/www.valkeaunelma.fi\/valk_www\/index.php?rest_route=\/wp\/v2\/posts\/542\/revisions"}],"predecessor-version":[{"id":6900,"href":"https:\/\/www.valkeaunelma.fi\/valk_www\/index.php?rest_route=\/wp\/v2\/posts\/542\/revisions\/6900"}],"wp:attachment":[{"href":"https:\/\/www.valkeaunelma.fi\/valk_www\/index.php?rest_route=%2Fwp%2Fv2%2Fmedia&parent=542"}],"wp:term":[{"taxonomy":"category","embeddable":true,"href":"https:\/\/www.valkeaunelma.fi\/valk_www\/index.php?rest_route=%2Fwp%2Fv2%2Fcategories&post=542"},{"taxonomy":"post_tag","embeddable":true,"href":"https:\/\/www.valkeaunelma.fi\/valk_www\/index.php?rest_route=%2Fwp%2Fv2%2Ftags&post=542"}],"curies":[{"name":"wp","href":"https:\/\/api.w.org\/{rel}","templated":true}]}}