{"id":5670,"date":"2021-01-23T12:22:09","date_gmt":"2021-01-23T12:22:09","guid":{"rendered":"https:\/\/www.valkeaunelma.fi\/valk_www\/?p=5670"},"modified":"2021-11-28T17:06:32","modified_gmt":"2021-11-28T17:06:32","slug":"5670","status":"publish","type":"post","link":"https:\/\/www.valkeaunelma.fi\/valk_www\/?p=5670","title":{"rendered":"\u2764\ufe0f Pupuvauvat \u2764\ufe0f"},"content":{"rendered":"<p>23.1.2021<\/p>\n<p>Pupu pallerot ovat kasvaneet ja kehittyneet huimasti kuluneissa viikoissa \ud83e\udd70&nbsp; Ik\u00e4\u00e4 nyt pupuvauvoilla vajaat 9vko:a. T\u00e4n\u00e4\u00e4n ensimm\u00e4inen, Choco \u2764\ufe0f haettiin uuteen omaan kotiin. Nyt on haikea mieli&#8230; Chincu \u2764\ufe0f muuttaa parin p\u00e4iv\u00e4n p\u00e4\u00e4st\u00e4 ja Pumpuli \u2764\ufe0f j\u00e4\u00e4 meille kotiin \ud83e\udd70<\/p>\n<p><img data-recalc-dims=\"1\" loading=\"lazy\" decoding=\"async\" class=\"size-full wp-image-5667\" src=\"https:\/\/i0.wp.com\/www.valkeaunelma.fi\/valk_www\/wp-content\/uploads\/2021\/01\/img_2509.png?resize=604%2C604&#038;ssl=1\" width=\"604\" height=\"604\" srcset=\"https:\/\/i0.wp.com\/www.valkeaunelma.fi\/valk_www\/wp-content\/uploads\/2021\/01\/img_2509.png?w=1200&amp;ssl=1 1200w, https:\/\/i0.wp.com\/www.valkeaunelma.fi\/valk_www\/wp-content\/uploads\/2021\/01\/img_2509.png?resize=300%2C300&amp;ssl=1 300w, https:\/\/i0.wp.com\/www.valkeaunelma.fi\/valk_www\/wp-content\/uploads\/2021\/01\/img_2509.png?resize=1024%2C1024&amp;ssl=1 1024w, https:\/\/i0.wp.com\/www.valkeaunelma.fi\/valk_www\/wp-content\/uploads\/2021\/01\/img_2509.png?resize=150%2C150&amp;ssl=1 150w, https:\/\/i0.wp.com\/www.valkeaunelma.fi\/valk_www\/wp-content\/uploads\/2021\/01\/img_2509.png?resize=768%2C768&amp;ssl=1 768w\" sizes=\"auto, (max-width: 604px) 100vw, 604px\" \/><\/p>\n<p><!--more--><\/p>\n<p><img data-recalc-dims=\"1\" loading=\"lazy\" decoding=\"async\" class=\"size-full wp-image-5666\" src=\"https:\/\/i0.wp.com\/www.valkeaunelma.fi\/valk_www\/wp-content\/uploads\/2021\/01\/img_2507.jpg?resize=604%2C1083&#038;ssl=1\" width=\"604\" height=\"1083\" srcset=\"https:\/\/i0.wp.com\/www.valkeaunelma.fi\/valk_www\/wp-content\/uploads\/2021\/01\/img_2507.jpg?w=669&amp;ssl=1 669w, https:\/\/i0.wp.com\/www.valkeaunelma.fi\/valk_www\/wp-content\/uploads\/2021\/01\/img_2507.jpg?resize=167%2C300&amp;ssl=1 167w, https:\/\/i0.wp.com\/www.valkeaunelma.fi\/valk_www\/wp-content\/uploads\/2021\/01\/img_2507.jpg?resize=571%2C1024&amp;ssl=1 571w\" sizes=\"auto, (max-width: 604px) 100vw, 604px\" \/><\/p>\n<p>Choco. Uusi koti antoi nimen Nuppu.<\/p>\n<p><img data-recalc-dims=\"1\" loading=\"lazy\" decoding=\"async\" class=\"size-full wp-image-5669\" src=\"https:\/\/i0.wp.com\/www.valkeaunelma.fi\/valk_www\/wp-content\/uploads\/2021\/01\/img_2472.jpg?resize=604%2C805&#038;ssl=1\" width=\"604\" height=\"805\" srcset=\"https:\/\/i0.wp.com\/www.valkeaunelma.fi\/valk_www\/wp-content\/uploads\/2021\/01\/img_2472.jpg?w=900&amp;ssl=1 900w, https:\/\/i0.wp.com\/www.valkeaunelma.fi\/valk_www\/wp-content\/uploads\/2021\/01\/img_2472.jpg?resize=225%2C300&amp;ssl=1 225w, https:\/\/i0.wp.com\/www.valkeaunelma.fi\/valk_www\/wp-content\/uploads\/2021\/01\/img_2472.jpg?resize=768%2C1024&amp;ssl=1 768w\" sizes=\"auto, (max-width: 604px) 100vw, 604px\" \/><\/p>\n<p>Pumpuli<\/p>\n<p><img data-recalc-dims=\"1\" loading=\"lazy\" decoding=\"async\" class=\"size-full wp-image-5668\" src=\"https:\/\/i0.wp.com\/www.valkeaunelma.fi\/valk_www\/wp-content\/uploads\/2021\/01\/img_2433.jpg?resize=604%2C805&#038;ssl=1\" width=\"604\" height=\"805\" srcset=\"https:\/\/i0.wp.com\/www.valkeaunelma.fi\/valk_www\/wp-content\/uploads\/2021\/01\/img_2433.jpg?w=900&amp;ssl=1 900w, https:\/\/i0.wp.com\/www.valkeaunelma.fi\/valk_www\/wp-content\/uploads\/2021\/01\/img_2433.jpg?resize=225%2C300&amp;ssl=1 225w, https:\/\/i0.wp.com\/www.valkeaunelma.fi\/valk_www\/wp-content\/uploads\/2021\/01\/img_2433.jpg?resize=768%2C1024&amp;ssl=1 768w\" sizes=\"auto, (max-width: 604px) 100vw, 604px\" \/><\/p>\n<p>Chincu. Uusi koti antoi nimen Milo.<\/p>\n","protected":false},"excerpt":{"rendered":"<p>23.1.2021 Pupu pallerot ovat kasvaneet ja kehittyneet huimasti kuluneissa viikoissa \ud83e\udd70&nbsp; Ik\u00e4\u00e4 nyt pupuvauvoilla vajaat 9vko:a. T\u00e4n\u00e4\u00e4n ensimm\u00e4inen, Choco \u2764\ufe0f haettiin uuteen omaan kotiin. Nyt on haikea mieli&#8230; Chincu \u2764\ufe0f muuttaa parin p\u00e4iv\u00e4n p\u00e4\u00e4st\u00e4 ja Pumpuli \u2764\ufe0f j\u00e4\u00e4 meille kotiin \ud83e\udd70<\/p>\n","protected":false},"author":3,"featured_media":0,"comment_status":"closed","ping_status":"closed","sticky":false,"template":"","format":"standard","meta":{"ngg_post_thumbnail":0,"_jetpack_memberships_contains_paid_content":false,"footnotes":""},"categories":[23],"tags":[],"class_list":["post-5670","post","type-post","status-publish","format-standard","hentry","category-lemmikit"],"jetpack_featured_media_url":"","jetpack_sharing_enabled":true,"_links":{"self":[{"href":"https:\/\/www.valkeaunelma.fi\/valk_www\/index.php?rest_route=\/wp\/v2\/posts\/5670","targetHints":{"allow":["GET"]}}],"collection":[{"href":"https:\/\/www.valkeaunelma.fi\/valk_www\/index.php?rest_route=\/wp\/v2\/posts"}],"about":[{"href":"https:\/\/www.valkeaunelma.fi\/valk_www\/index.php?rest_route=\/wp\/v2\/types\/post"}],"author":[{"embeddable":true,"href":"https:\/\/www.valkeaunelma.fi\/valk_www\/index.php?rest_route=\/wp\/v2\/users\/3"}],"replies":[{"embeddable":true,"href":"https:\/\/www.valkeaunelma.fi\/valk_www\/index.php?rest_route=%2Fwp%2Fv2%2Fcomments&post=5670"}],"version-history":[{"count":5,"href":"https:\/\/www.valkeaunelma.fi\/valk_www\/index.php?rest_route=\/wp\/v2\/posts\/5670\/revisions"}],"predecessor-version":[{"id":5730,"href":"https:\/\/www.valkeaunelma.fi\/valk_www\/index.php?rest_route=\/wp\/v2\/posts\/5670\/revisions\/5730"}],"wp:attachment":[{"href":"https:\/\/www.valkeaunelma.fi\/valk_www\/index.php?rest_route=%2Fwp%2Fv2%2Fmedia&parent=5670"}],"wp:term":[{"taxonomy":"category","embeddable":true,"href":"https:\/\/www.valkeaunelma.fi\/valk_www\/index.php?rest_route=%2Fwp%2Fv2%2Fcategories&post=5670"},{"taxonomy":"post_tag","embeddable":true,"href":"https:\/\/www.valkeaunelma.fi\/valk_www\/index.php?rest_route=%2Fwp%2Fv2%2Ftags&post=5670"}],"curies":[{"name":"wp","href":"https:\/\/api.w.org\/{rel}","templated":true}]}}