{"id":9319,"date":"2024-01-24T19:26:49","date_gmt":"2024-01-24T17:26:49","guid":{"rendered":"https:\/\/www.valkeaunelma.fi\/valk_www\/?p=9319"},"modified":"2024-02-04T21:08:38","modified_gmt":"2024-02-04T19:08:38","slug":"kodin-sydan","status":"publish","type":"post","link":"https:\/\/www.valkeaunelma.fi\/valk_www\/?p=9319","title":{"rendered":"Kodin syd\u00e4n \ud83d\udc95"},"content":{"rendered":"\n<p>6.1.2024<\/p>\n\n\n\n<p>Kulunut talvi on ollut todella kylm\u00e4 pakkasineen ja eritt\u00e4in runsas luminen. <\/p>\n\n\n\n<p>Puuvarasto sai lis\u00e4\u00e4 t\u00e4ytett\u00e4 ja tupa l\u00e4mp\u00f6\u00e4. Nyt kelpaa!<\/p>\n\n\n\n<div class=\"wp-block-jetpack-tiled-gallery aligncenter is-style-rectangular\"><div class=\"tiled-gallery__gallery\"><div class=\"tiled-gallery__row\"><div class=\"tiled-gallery__col\" style=\"flex-basis:54.83979%\"><figure class=\"tiled-gallery__item\"><img decoding=\"async\" srcset=\"https:\/\/i1.wp.com\/www.valkeaunelma.fi\/valk_www\/wp-content\/uploads\/2024\/01\/IMG_1985-700x1024.jpeg?strip=info&#038;w=600&#038;ssl=1 600w,https:\/\/i1.wp.com\/www.valkeaunelma.fi\/valk_www\/wp-content\/uploads\/2024\/01\/IMG_1985-700x1024.jpeg?strip=info&#038;w=820&#038;ssl=1 820w\" alt=\"\" data-height=\"1200\" data-id=\"9308\" data-link=\"https:\/\/www.valkeaunelma.fi\/valk_www\/?attachment_id=9308\" data-url=\"https:\/\/www.valkeaunelma.fi\/valk_www\/wp-content\/uploads\/2024\/01\/IMG_1985-700x1024.jpeg\" data-width=\"820\" src=\"https:\/\/i1.wp.com\/www.valkeaunelma.fi\/valk_www\/wp-content\/uploads\/2024\/01\/IMG_1985-700x1024.jpeg?ssl=1\" data-amp-layout=\"responsive\"\/><\/figure><\/div><div class=\"tiled-gallery__col\" style=\"flex-basis:45.16021%\"><figure class=\"tiled-gallery__item\"><img decoding=\"async\" srcset=\"https:\/\/i2.wp.com\/www.valkeaunelma.fi\/valk_www\/wp-content\/uploads\/2024\/01\/IMG_1979-576x1024.jpeg?strip=info&#038;w=600&#038;ssl=1 600w,https:\/\/i2.wp.com\/www.valkeaunelma.fi\/valk_www\/wp-content\/uploads\/2024\/01\/IMG_1979-576x1024.jpeg?strip=info&#038;w=675&#038;ssl=1 675w\" alt=\"\" data-height=\"1200\" data-id=\"9307\" data-link=\"https:\/\/www.valkeaunelma.fi\/valk_www\/?attachment_id=9307\" data-url=\"https:\/\/www.valkeaunelma.fi\/valk_www\/wp-content\/uploads\/2024\/01\/IMG_1979-576x1024.jpeg\" data-width=\"675\" src=\"https:\/\/i2.wp.com\/www.valkeaunelma.fi\/valk_www\/wp-content\/uploads\/2024\/01\/IMG_1979-576x1024.jpeg?ssl=1\" data-amp-layout=\"responsive\"\/><\/figure><\/div><\/div><\/div><\/div>\n","protected":false},"excerpt":{"rendered":"<p>6.1.2024 Kulunut talvi on ollut todella kylm\u00e4 pakkasineen ja eritt\u00e4in runsas luminen. Puuvarasto sai lis\u00e4\u00e4 t\u00e4ytett\u00e4 ja tupa l\u00e4mp\u00f6\u00e4. Nyt kelpaa!<\/p>\n","protected":false},"author":3,"featured_media":0,"comment_status":"closed","ping_status":"closed","sticky":false,"template":"","format":"standard","meta":{"ngg_post_thumbnail":0,"_jetpack_memberships_contains_paid_content":false,"footnotes":""},"categories":[11,25],"tags":[],"class_list":["post-9319","post","type-post","status-publish","format-standard","hentry","category-koti","category-sisustus"],"jetpack_featured_media_url":"","jetpack_sharing_enabled":true,"_links":{"self":[{"href":"https:\/\/www.valkeaunelma.fi\/valk_www\/index.php?rest_route=\/wp\/v2\/posts\/9319","targetHints":{"allow":["GET"]}}],"collection":[{"href":"https:\/\/www.valkeaunelma.fi\/valk_www\/index.php?rest_route=\/wp\/v2\/posts"}],"about":[{"href":"https:\/\/www.valkeaunelma.fi\/valk_www\/index.php?rest_route=\/wp\/v2\/types\/post"}],"author":[{"embeddable":true,"href":"https:\/\/www.valkeaunelma.fi\/valk_www\/index.php?rest_route=\/wp\/v2\/users\/3"}],"replies":[{"embeddable":true,"href":"https:\/\/www.valkeaunelma.fi\/valk_www\/index.php?rest_route=%2Fwp%2Fv2%2Fcomments&post=9319"}],"version-history":[{"count":2,"href":"https:\/\/www.valkeaunelma.fi\/valk_www\/index.php?rest_route=\/wp\/v2\/posts\/9319\/revisions"}],"predecessor-version":[{"id":9430,"href":"https:\/\/www.valkeaunelma.fi\/valk_www\/index.php?rest_route=\/wp\/v2\/posts\/9319\/revisions\/9430"}],"wp:attachment":[{"href":"https:\/\/www.valkeaunelma.fi\/valk_www\/index.php?rest_route=%2Fwp%2Fv2%2Fmedia&parent=9319"}],"wp:term":[{"taxonomy":"category","embeddable":true,"href":"https:\/\/www.valkeaunelma.fi\/valk_www\/index.php?rest_route=%2Fwp%2Fv2%2Fcategories&post=9319"},{"taxonomy":"post_tag","embeddable":true,"href":"https:\/\/www.valkeaunelma.fi\/valk_www\/index.php?rest_route=%2Fwp%2Fv2%2Ftags&post=9319"}],"curies":[{"name":"wp","href":"https:\/\/api.w.org\/{rel}","templated":true}]}}