{"id":98,"date":"2012-08-01T19:38:27","date_gmt":"2012-08-01T19:38:27","guid":{"rendered":"http:\/\/31.217.196.205\/~mrqxsqrz\/valk_www\/?p=98"},"modified":"2017-08-21T20:40:30","modified_gmt":"2017-08-21T20:40:30","slug":"vanhasta-perukellarista-uusi-kesavaja","status":"publish","type":"post","link":"https:\/\/www.valkeaunelma.fi\/valk_www\/?p=98","title":{"rendered":"Vanhasta perunakellarista uusi kes\u00e4vaja"},"content":{"rendered":"<p><a href=\"https:\/\/www.valkeaunelma.fi\/valk_www\/wp-content\/uploads\/2015\/03\/Vanhasta_perunak_503692b031f3f.jpg\">8\/2012<\/a><\/p>\n<p><a href=\"https:\/\/i0.wp.com\/www.valkeaunelma.fi\/valk_www\/wp-content\/uploads\/2015\/03\/Vanhasta_perunak_503692b031f3f.jpg?ssl=1\"><img data-recalc-dims=\"1\" loading=\"lazy\" decoding=\"async\" class=\"alignnone size-large wp-image-99\" src=\"https:\/\/i0.wp.com\/www.valkeaunelma.fi\/valk_www\/wp-content\/uploads\/2015\/03\/Vanhasta_perunak_503692b031f3f.jpg?resize=604%2C453&#038;ssl=1\" alt=\"Vanhasta_perunak_503692b031f3f\" width=\"604\" height=\"453\" srcset=\"https:\/\/i0.wp.com\/www.valkeaunelma.fi\/valk_www\/wp-content\/uploads\/2015\/03\/Vanhasta_perunak_503692b031f3f.jpg?resize=1024%2C768&amp;ssl=1 1024w, https:\/\/i0.wp.com\/www.valkeaunelma.fi\/valk_www\/wp-content\/uploads\/2015\/03\/Vanhasta_perunak_503692b031f3f.jpg?resize=300%2C225&amp;ssl=1 300w, https:\/\/i0.wp.com\/www.valkeaunelma.fi\/valk_www\/wp-content\/uploads\/2015\/03\/Vanhasta_perunak_503692b031f3f.jpg?w=1843&amp;ssl=1 1843w, https:\/\/i0.wp.com\/www.valkeaunelma.fi\/valk_www\/wp-content\/uploads\/2015\/03\/Vanhasta_perunak_503692b031f3f.jpg?w=1208&amp;ssl=1 1208w\" sizes=\"auto, (max-width: 604px) 100vw, 604px\" \/><\/a><\/p>\n<p><!--more--><br \/>\nOikein harmittaa kun p\u00e4\u00e4simme vasta t\u00e4n\u00e4 kes\u00e4n\u00e4 ensimm\u00e4isen kerran hein\u00e4kuussa Sylvin m\u00f6kille. Ja siin\u00e4h\u00e4n se kes\u00e4 sitten menikin&#8230; T\u00e4ss\u00e4p\u00e4 ihanan Sylvin m\u00f6kin vanha perunakellari. T\u00e4m\u00e4 on ollut jo useamman vuoden projekti, mutta aina on tullut jotakin muuta t\u00e4rke\u00e4\u00e4 tekemist\u00e4. Kellarin katto on osittain romahtanut sis\u00e4lle sek\u00e4 sis\u00e4lt\u00e4 betonilattia on k\u00e4rsinyt. T\u00e4m\u00e4 on vain saanut k\u00f6k\u00f6tt\u00e4\u00e4 tontin laidalla. Onneksi lapset eiv\u00e4t olleet kiinnostuneet koko komeudesta eli siksi t\u00e4m\u00e4 on vain &#8221;unohtunut&#8221;. Tarkoitus oli purkaa koko komeus ja tehd\u00e4 uusi k\u00e4yt\u00e4nn\u00f6llinen kes\u00e4vaja tilalle, puutarhav\u00e4lineille. Heti alkuun oli haastetta sill\u00e4 kun vanhan perunakellarin ovi saatiin murrettua auki niin sis\u00e4ll\u00e4 komeili eritt\u00e4in suuri ampiaispes\u00e4 ja sen kiukkuiset asukkaat. Yht\u00e4k\u00e4\u00e4n pistoa ei kuitenkaan saatu, vaikka p\u00f6rri\u00e4iset olivatkin sitkeit\u00e4 surraamaan ymp\u00e4rill\u00e4. Tulihan vajasta nykyaikainen, mutta seh\u00e4n olikin tarkoitus. Maalia pintaan ja katto p\u00e4\u00e4lle. Sis\u00e4lt\u00e4 maalasin viel\u00e4 ja ainoastaan lattian. Viel\u00e4 pitsiverhot ikkunaan, matto lattialle, vanha kalustesetti sis\u00e4lle ja hyllyt paikoille sek\u00e4 tietysti r\u00e4nnit katolle. N\u00e4ttih\u00e4n siit\u00e4 tuli ja ajatuksissa on josko ensi kes\u00e4n\u00e4 vajaan tekisi terassinjatkeen jossa voisi, auringon kiert\u00e4ess\u00e4 pihapiiri\u00e4, viel\u00e4 nauttia iltal\u00e4mm\u00f6st\u00e4&#8230;<\/p>\n<p>Mieheni on aina haaveillut tummasta saunasta eli nyt h\u00e4n sai ajatuksen paneloida m\u00f6kin saunan. Annan h\u00e4nelle siunauksen tehd\u00e4 siit\u00e4 tumman. Saunassa on nyt vain ja ainoastaan levyt sein\u00e4ll\u00e4. Mutta niin ihanat l\u00f6ylyt siell\u00e4 saa. Viel\u00e4 kun saisi veden tulemaan sis\u00e4lle putkia pitkin. Tosin lapset tykk\u00e4\u00e4 pumpata vett\u00e4 kaivosta, mutta sen kantaminen vasta onkin sitten mukavaa puuhaa&#8230; T\u00e4m\u00e4 sitten ensikes\u00e4n\u00e4, jottei vain aika tulisi turhan pitk\u00e4ksi&#8230; Haaveita haaveita&#8230;<a href=\"https:\/\/i0.wp.com\/www.valkeaunelma.fi\/valk_www\/wp-content\/uploads\/2015\/03\/Mokki_ulkovaja_valmis_1.jpg?ssl=1\"><img data-recalc-dims=\"1\" loading=\"lazy\" decoding=\"async\" class=\"alignnone size-large wp-image-100\" src=\"https:\/\/i0.wp.com\/www.valkeaunelma.fi\/valk_www\/wp-content\/uploads\/2015\/03\/Mokki_ulkovaja_valmis_1.jpg?resize=500%2C281&#038;ssl=1\" alt=\"Mokki_ulkovaja_valmis_1\" width=\"500\" height=\"281\" srcset=\"https:\/\/i0.wp.com\/www.valkeaunelma.fi\/valk_www\/wp-content\/uploads\/2015\/03\/Mokki_ulkovaja_valmis_1.jpg?w=500&amp;ssl=1 500w, https:\/\/i0.wp.com\/www.valkeaunelma.fi\/valk_www\/wp-content\/uploads\/2015\/03\/Mokki_ulkovaja_valmis_1.jpg?resize=300%2C169&amp;ssl=1 300w\" sizes=\"auto, (max-width: 500px) 100vw, 500px\" \/><\/a> <a href=\"https:\/\/i0.wp.com\/www.valkeaunelma.fi\/valk_www\/wp-content\/uploads\/2015\/03\/Mokki_ulkovaja_valmis_2.jpg?ssl=1\"><img data-recalc-dims=\"1\" loading=\"lazy\" decoding=\"async\" class=\"alignnone size-large wp-image-101\" src=\"https:\/\/i0.wp.com\/www.valkeaunelma.fi\/valk_www\/wp-content\/uploads\/2015\/03\/Mokki_ulkovaja_valmis_2.jpg?resize=500%2C281&#038;ssl=1\" alt=\"Mokki_ulkovaja_valmis_2\" width=\"500\" height=\"281\" srcset=\"https:\/\/i0.wp.com\/www.valkeaunelma.fi\/valk_www\/wp-content\/uploads\/2015\/03\/Mokki_ulkovaja_valmis_2.jpg?w=500&amp;ssl=1 500w, https:\/\/i0.wp.com\/www.valkeaunelma.fi\/valk_www\/wp-content\/uploads\/2015\/03\/Mokki_ulkovaja_valmis_2.jpg?resize=300%2C169&amp;ssl=1 300w\" sizes=\"auto, (max-width: 500px) 100vw, 500px\" \/><br \/>\n<\/a><span style=\"line-height: 1.5;\">5\/2013<br \/>\n<\/span><span style=\"line-height: 1.5;\">T\u00e4ss\u00e4 kuvassa on nyt sitten meid\u00e4n lasten vanha leikkim\u00f6kki uudessa ymp\u00e4rist\u00f6ss\u00e4\u00e4n. Ehk\u00e4 valkaisen pikkum\u00f6kin viel\u00e4 joskus&#8230;<br \/>\n<\/span><a href=\"https:\/\/i0.wp.com\/www.valkeaunelma.fi\/valk_www\/wp-content\/uploads\/2015\/03\/Kesahuone_ja_leikkimokki.jpg?ssl=1\"><img data-recalc-dims=\"1\" loading=\"lazy\" decoding=\"async\" class=\"alignnone size-large wp-image-102\" src=\"https:\/\/i0.wp.com\/www.valkeaunelma.fi\/valk_www\/wp-content\/uploads\/2015\/03\/Kesahuone_ja_leikkimokki.jpg?resize=500%2C375&#038;ssl=1\" alt=\"Kesahuone_ja_leikkimokki\" width=\"500\" height=\"375\" srcset=\"https:\/\/i0.wp.com\/www.valkeaunelma.fi\/valk_www\/wp-content\/uploads\/2015\/03\/Kesahuone_ja_leikkimokki.jpg?w=500&amp;ssl=1 500w, https:\/\/i0.wp.com\/www.valkeaunelma.fi\/valk_www\/wp-content\/uploads\/2015\/03\/Kesahuone_ja_leikkimokki.jpg?resize=300%2C225&amp;ssl=1 300w\" sizes=\"auto, (max-width: 500px) 100vw, 500px\" \/><\/a> <a href=\"https:\/\/i0.wp.com\/www.valkeaunelma.fi\/valk_www\/wp-content\/uploads\/2015\/03\/Uusi_varasto_sisalta_3.jpg?ssl=1\"><img data-recalc-dims=\"1\" loading=\"lazy\" decoding=\"async\" class=\"alignnone size-large wp-image-103\" src=\"https:\/\/i0.wp.com\/www.valkeaunelma.fi\/valk_www\/wp-content\/uploads\/2015\/03\/Uusi_varasto_sisalta_3.jpg?resize=500%2C375&#038;ssl=1\" alt=\"Uusi_varasto_sisalta_3\" width=\"500\" height=\"375\" srcset=\"https:\/\/i0.wp.com\/www.valkeaunelma.fi\/valk_www\/wp-content\/uploads\/2015\/03\/Uusi_varasto_sisalta_3.jpg?w=500&amp;ssl=1 500w, https:\/\/i0.wp.com\/www.valkeaunelma.fi\/valk_www\/wp-content\/uploads\/2015\/03\/Uusi_varasto_sisalta_3.jpg?resize=300%2C225&amp;ssl=1 300w\" sizes=\"auto, (max-width: 500px) 100vw, 500px\" \/><\/a> <a href=\"https:\/\/i0.wp.com\/www.valkeaunelma.fi\/valk_www\/wp-content\/uploads\/2015\/03\/Uusi_varasto_sisalta_2.jpg?ssl=1\"><img data-recalc-dims=\"1\" loading=\"lazy\" decoding=\"async\" class=\"alignnone size-large wp-image-104\" src=\"https:\/\/i0.wp.com\/www.valkeaunelma.fi\/valk_www\/wp-content\/uploads\/2015\/03\/Uusi_varasto_sisalta_2.jpg?resize=375%2C500&#038;ssl=1\" alt=\"Uusi_varasto_sisalta_2\" width=\"375\" height=\"500\" srcset=\"https:\/\/i0.wp.com\/www.valkeaunelma.fi\/valk_www\/wp-content\/uploads\/2015\/03\/Uusi_varasto_sisalta_2.jpg?w=375&amp;ssl=1 375w, https:\/\/i0.wp.com\/www.valkeaunelma.fi\/valk_www\/wp-content\/uploads\/2015\/03\/Uusi_varasto_sisalta_2.jpg?resize=225%2C300&amp;ssl=1 225w\" sizes=\"auto, (max-width: 375px) 100vw, 375px\" \/><\/a> <a href=\"https:\/\/i0.wp.com\/www.valkeaunelma.fi\/valk_www\/wp-content\/uploads\/2015\/03\/Uusi_varasto_sisalta_1.jpg?ssl=1\"><img data-recalc-dims=\"1\" loading=\"lazy\" decoding=\"async\" class=\"alignnone size-large wp-image-105\" src=\"https:\/\/i0.wp.com\/www.valkeaunelma.fi\/valk_www\/wp-content\/uploads\/2015\/03\/Uusi_varasto_sisalta_1.jpg?resize=500%2C375&#038;ssl=1\" alt=\"Uusi_varasto_sisalta_1\" width=\"500\" height=\"375\" srcset=\"https:\/\/i0.wp.com\/www.valkeaunelma.fi\/valk_www\/wp-content\/uploads\/2015\/03\/Uusi_varasto_sisalta_1.jpg?w=500&amp;ssl=1 500w, https:\/\/i0.wp.com\/www.valkeaunelma.fi\/valk_www\/wp-content\/uploads\/2015\/03\/Uusi_varasto_sisalta_1.jpg?resize=300%2C225&amp;ssl=1 300w\" sizes=\"auto, (max-width: 500px) 100vw, 500px\" \/><\/a> <a href=\"https:\/\/i0.wp.com\/www.valkeaunelma.fi\/valk_www\/wp-content\/uploads\/2015\/03\/Tontut_lattialla.jpg?ssl=1\"><img data-recalc-dims=\"1\" loading=\"lazy\" decoding=\"async\" class=\"alignnone size-large wp-image-106\" src=\"https:\/\/i0.wp.com\/www.valkeaunelma.fi\/valk_www\/wp-content\/uploads\/2015\/03\/Tontut_lattialla.jpg?resize=500%2C375&#038;ssl=1\" alt=\"Tontut_lattialla\" width=\"500\" height=\"375\" srcset=\"https:\/\/i0.wp.com\/www.valkeaunelma.fi\/valk_www\/wp-content\/uploads\/2015\/03\/Tontut_lattialla.jpg?w=500&amp;ssl=1 500w, https:\/\/i0.wp.com\/www.valkeaunelma.fi\/valk_www\/wp-content\/uploads\/2015\/03\/Tontut_lattialla.jpg?resize=300%2C225&amp;ssl=1 300w\" sizes=\"auto, (max-width: 500px) 100vw, 500px\" \/><br \/>\n<\/a><span style=\"line-height: 1.5;\">6\/2013<br \/>\n<\/span><span style=\"line-height: 1.5;\">Sylvin m\u00f6kin sauna sai sitten j\u00e4\u00e4d\u00e4 t\u00e4lt\u00e4 kes\u00e4lt\u00e4 tekem\u00e4tt\u00e4 ja j\u00e4\u00e4d\u00e4 viel\u00e4 mietint\u00e4myssyyn. Painostuksestani mies paneloi m\u00f6kin kuistin ja ensi kes\u00e4n\u00e4 kuisti saa sitten vaalean maalipinnan. Lis\u00e4ksi mies aloitti kes\u00e4vajan nyttemmin kes\u00e4huoneen paneloinnin sis\u00e4lt\u00e4. Alkujaan t\u00e4m\u00e4 kes\u00e4vaja ei oikein l\u00f6yt\u00e4nyt paikkaansa niin p\u00e4\u00e4timme muuttaa sen kes\u00e4huoneeksi, l\u00e4hinn\u00e4 meille vanhemmille kun lapset on saatu y\u00f6puulle. Tai sitten jos on sateinen ilma niin t\u00e4\u00e4ll\u00e4 voi nautiskella vaikka grilliruoan. Ty\u00f6 on viel\u00e4 kesken ja saa jatkoa sitten ensikes\u00e4n\u00e4 my\u00f6s uuden vaalean maalipinnan kera. Ja varmasti my\u00f6s se pation jatke t\u00e4h\u00e4n suunnitellaan\/toteutetaan kun kerran vaja muuttui kes\u00e4huoneeksi. Voi kuinka tuo aika rient\u00e4\u00e4 aivan liian nopeaan ja suomen kes\u00e4 on niin lyhyt.<br \/>\n<\/span><a href=\"https:\/\/i0.wp.com\/www.valkeaunelma.fi\/valk_www\/wp-content\/uploads\/2015\/03\/Mokki_kesahuone.jpg?ssl=1\"><img data-recalc-dims=\"1\" loading=\"lazy\" decoding=\"async\" class=\"alignnone size-large wp-image-107\" src=\"https:\/\/i0.wp.com\/www.valkeaunelma.fi\/valk_www\/wp-content\/uploads\/2015\/03\/Mokki_kesahuone.jpg?resize=500%2C375&#038;ssl=1\" alt=\"Mokki_kesahuone\" width=\"500\" height=\"375\" srcset=\"https:\/\/i0.wp.com\/www.valkeaunelma.fi\/valk_www\/wp-content\/uploads\/2015\/03\/Mokki_kesahuone.jpg?w=500&amp;ssl=1 500w, https:\/\/i0.wp.com\/www.valkeaunelma.fi\/valk_www\/wp-content\/uploads\/2015\/03\/Mokki_kesahuone.jpg?resize=300%2C225&amp;ssl=1 300w\" sizes=\"auto, (max-width: 500px) 100vw, 500px\" \/><\/a> <a href=\"https:\/\/i0.wp.com\/www.valkeaunelma.fi\/valk_www\/wp-content\/uploads\/2015\/03\/Kesahuone_sisalta_2.jpg?ssl=1\"><img data-recalc-dims=\"1\" loading=\"lazy\" decoding=\"async\" class=\"alignnone size-large wp-image-108\" src=\"https:\/\/i0.wp.com\/www.valkeaunelma.fi\/valk_www\/wp-content\/uploads\/2015\/03\/Kesahuone_sisalta_2.jpg?resize=500%2C375&#038;ssl=1\" alt=\"Kesahuone_sisalta_2\" width=\"500\" height=\"375\" srcset=\"https:\/\/i0.wp.com\/www.valkeaunelma.fi\/valk_www\/wp-content\/uploads\/2015\/03\/Kesahuone_sisalta_2.jpg?w=500&amp;ssl=1 500w, https:\/\/i0.wp.com\/www.valkeaunelma.fi\/valk_www\/wp-content\/uploads\/2015\/03\/Kesahuone_sisalta_2.jpg?resize=300%2C225&amp;ssl=1 300w\" sizes=\"auto, (max-width: 500px) 100vw, 500px\" \/><\/a> <a href=\"https:\/\/i0.wp.com\/www.valkeaunelma.fi\/valk_www\/wp-content\/uploads\/2015\/03\/Kesahuone_sisalta.jpg?ssl=1\"><img data-recalc-dims=\"1\" loading=\"lazy\" decoding=\"async\" class=\"alignnone size-large wp-image-109\" src=\"https:\/\/i0.wp.com\/www.valkeaunelma.fi\/valk_www\/wp-content\/uploads\/2015\/03\/Kesahuone_sisalta.jpg?resize=500%2C375&#038;ssl=1\" alt=\"Kesahuone_sisalta\" width=\"500\" height=\"375\" srcset=\"https:\/\/i0.wp.com\/www.valkeaunelma.fi\/valk_www\/wp-content\/uploads\/2015\/03\/Kesahuone_sisalta.jpg?w=500&amp;ssl=1 500w, https:\/\/i0.wp.com\/www.valkeaunelma.fi\/valk_www\/wp-content\/uploads\/2015\/03\/Kesahuone_sisalta.jpg?resize=300%2C225&amp;ssl=1 300w\" sizes=\"auto, (max-width: 500px) 100vw, 500px\" \/><br \/>\n<\/a><span style=\"line-height: 1.5;\">7\/2014<br \/>\n<\/span><span style=\"line-height: 1.5;\">J\u00e4lleen kes\u00e4huoneen rakentamista. Nyt panelointi on valmis. Maalaus saa j\u00e4\u00e4d\u00e4 viel\u00e4<br \/>\nodottamaan. T\u00e4m\u00e4n pienen ja siron pirttikaluston l\u00f6ysin Kierr\u00e4tyskeskuksesta.<br \/>\n<\/span><a style=\"line-height: 1.5;\" href=\"https:\/\/i0.wp.com\/www.valkeaunelma.fi\/valk_www\/wp-content\/uploads\/2015\/03\/Kesahuone_ovelta_sisaan.jpg?ssl=1\"><img data-recalc-dims=\"1\" loading=\"lazy\" decoding=\"async\" class=\"alignnone size-large wp-image-110\" src=\"https:\/\/i0.wp.com\/www.valkeaunelma.fi\/valk_www\/wp-content\/uploads\/2015\/03\/Kesahuone_ovelta_sisaan.jpg?resize=323%2C575&#038;ssl=1\" alt=\"Kesahuone_ovelta_sisaan\" width=\"323\" height=\"575\" srcset=\"https:\/\/i0.wp.com\/www.valkeaunelma.fi\/valk_www\/wp-content\/uploads\/2015\/03\/Kesahuone_ovelta_sisaan.jpg?w=323&amp;ssl=1 323w, https:\/\/i0.wp.com\/www.valkeaunelma.fi\/valk_www\/wp-content\/uploads\/2015\/03\/Kesahuone_ovelta_sisaan.jpg?resize=169%2C300&amp;ssl=1 169w\" sizes=\"auto, (max-width: 323px) 100vw, 323px\" \/><\/a><span style=\"line-height: 1.5;\"><br \/>\n<\/span><a style=\"line-height: 1.5;\" href=\"https:\/\/i0.wp.com\/www.valkeaunelma.fi\/valk_www\/wp-content\/uploads\/2015\/03\/Kesahuone_poyta_2.jpg?ssl=1\"><img data-recalc-dims=\"1\" loading=\"lazy\" decoding=\"async\" class=\"alignnone size-large wp-image-111\" src=\"https:\/\/i0.wp.com\/www.valkeaunelma.fi\/valk_www\/wp-content\/uploads\/2015\/03\/Kesahuone_poyta_2.jpg?resize=575%2C323&#038;ssl=1\" alt=\"Kesahuone_poyta_2\" width=\"575\" height=\"323\" srcset=\"https:\/\/i0.wp.com\/www.valkeaunelma.fi\/valk_www\/wp-content\/uploads\/2015\/03\/Kesahuone_poyta_2.jpg?w=575&amp;ssl=1 575w, https:\/\/i0.wp.com\/www.valkeaunelma.fi\/valk_www\/wp-content\/uploads\/2015\/03\/Kesahuone_poyta_2.jpg?resize=300%2C169&amp;ssl=1 300w\" sizes=\"auto, (max-width: 575px) 100vw, 575px\" \/><\/a> <a style=\"line-height: 1.5;\" href=\"https:\/\/i0.wp.com\/www.valkeaunelma.fi\/valk_www\/wp-content\/uploads\/2015\/03\/Kesahuone_ikkuna_2.jpg?ssl=1\"><img data-recalc-dims=\"1\" loading=\"lazy\" decoding=\"async\" class=\"alignnone size-large wp-image-112\" src=\"https:\/\/i0.wp.com\/www.valkeaunelma.fi\/valk_www\/wp-content\/uploads\/2015\/03\/Kesahuone_ikkuna_2.jpg?resize=575%2C323&#038;ssl=1\" alt=\"Kesahuone_ikkuna_2\" width=\"575\" height=\"323\" srcset=\"https:\/\/i0.wp.com\/www.valkeaunelma.fi\/valk_www\/wp-content\/uploads\/2015\/03\/Kesahuone_ikkuna_2.jpg?w=575&amp;ssl=1 575w, https:\/\/i0.wp.com\/www.valkeaunelma.fi\/valk_www\/wp-content\/uploads\/2015\/03\/Kesahuone_ikkuna_2.jpg?resize=300%2C169&amp;ssl=1 300w\" sizes=\"auto, (max-width: 575px) 100vw, 575px\" \/><\/a><span style=\"line-height: 1.5;\"><br \/>\nM\u00f6kin vanha, hauskanv\u00e4rinen jakkara sai uuden k\u00e4ytt\u00f6tarkoituksen kukkap\u00f6yt\u00e4n\u00e4.<\/span><a href=\"https:\/\/i0.wp.com\/www.valkeaunelma.fi\/valk_www\/wp-content\/uploads\/2015\/03\/Kesahuone_jakkara_kukalla.jpg?ssl=1\"><img data-recalc-dims=\"1\" loading=\"lazy\" decoding=\"async\" class=\"alignnone size-large wp-image-113\" src=\"https:\/\/i0.wp.com\/www.valkeaunelma.fi\/valk_www\/wp-content\/uploads\/2015\/03\/Kesahuone_jakkara_kukalla.jpg?resize=323%2C575&#038;ssl=1\" alt=\"Kesahuone_jakkara_kukalla\" width=\"323\" height=\"575\" srcset=\"https:\/\/i0.wp.com\/www.valkeaunelma.fi\/valk_www\/wp-content\/uploads\/2015\/03\/Kesahuone_jakkara_kukalla.jpg?w=323&amp;ssl=1 323w, https:\/\/i0.wp.com\/www.valkeaunelma.fi\/valk_www\/wp-content\/uploads\/2015\/03\/Kesahuone_jakkara_kukalla.jpg?resize=169%2C300&amp;ssl=1 169w\" sizes=\"auto, (max-width: 323px) 100vw, 323px\" \/><br \/>\n<\/a>Miehen k\u00e4sittelem\u00e4 antiikkikuva samasta jakkarasta&#8230; <a href=\"https:\/\/i0.wp.com\/www.valkeaunelma.fi\/valk_www\/wp-content\/uploads\/2015\/03\/Kesahuone_jakkara_kukalla_antiikki.jpg?ssl=1\"><img data-recalc-dims=\"1\" loading=\"lazy\" decoding=\"async\" class=\"alignnone size-large wp-image-114\" src=\"https:\/\/i0.wp.com\/www.valkeaunelma.fi\/valk_www\/wp-content\/uploads\/2015\/03\/Kesahuone_jakkara_kukalla_antiikki.jpg?resize=323%2C575&#038;ssl=1\" alt=\"Kesahuone_jakkara_kukalla_antiikki\" width=\"323\" height=\"575\" srcset=\"https:\/\/i0.wp.com\/www.valkeaunelma.fi\/valk_www\/wp-content\/uploads\/2015\/03\/Kesahuone_jakkara_kukalla_antiikki.jpg?w=323&amp;ssl=1 323w, https:\/\/i0.wp.com\/www.valkeaunelma.fi\/valk_www\/wp-content\/uploads\/2015\/03\/Kesahuone_jakkara_kukalla_antiikki.jpg?resize=169%2C300&amp;ssl=1 169w\" sizes=\"auto, (max-width: 323px) 100vw, 323px\" \/><br \/>\n<\/a><span style=\"line-height: 1.5;\">Mies otti muutaman kuvan kalansilm\u00e4linssill\u00e4&#8230;<br \/>\n<\/span><a style=\"line-height: 1.5;\" href=\"https:\/\/i0.wp.com\/www.valkeaunelma.fi\/valk_www\/wp-content\/uploads\/2015\/03\/Kesahuone_3.jpg?ssl=1\"><img data-recalc-dims=\"1\" loading=\"lazy\" decoding=\"async\" class=\"alignnone size-large wp-image-115\" src=\"https:\/\/i0.wp.com\/www.valkeaunelma.fi\/valk_www\/wp-content\/uploads\/2015\/03\/Kesahuone_3.jpg?resize=575%2C369&#038;ssl=1\" alt=\"Kesahuone_3\" width=\"575\" height=\"369\" srcset=\"https:\/\/i0.wp.com\/www.valkeaunelma.fi\/valk_www\/wp-content\/uploads\/2015\/03\/Kesahuone_3.jpg?w=575&amp;ssl=1 575w, https:\/\/i0.wp.com\/www.valkeaunelma.fi\/valk_www\/wp-content\/uploads\/2015\/03\/Kesahuone_3.jpg?resize=300%2C193&amp;ssl=1 300w\" sizes=\"auto, (max-width: 575px) 100vw, 575px\" \/><\/a><span style=\"line-height: 1.5;\"><br \/>\n<\/span><a style=\"line-height: 1.5;\" href=\"https:\/\/i0.wp.com\/www.valkeaunelma.fi\/valk_www\/wp-content\/uploads\/2015\/03\/Kesahuone_2.jpg?ssl=1\"><img data-recalc-dims=\"1\" loading=\"lazy\" decoding=\"async\" class=\"alignnone size-large wp-image-116\" src=\"https:\/\/i0.wp.com\/www.valkeaunelma.fi\/valk_www\/wp-content\/uploads\/2015\/03\/Kesahuone_2.jpg?resize=575%2C385&#038;ssl=1\" alt=\"Kesahuone_2\" width=\"575\" height=\"385\" srcset=\"https:\/\/i0.wp.com\/www.valkeaunelma.fi\/valk_www\/wp-content\/uploads\/2015\/03\/Kesahuone_2.jpg?w=575&amp;ssl=1 575w, https:\/\/i0.wp.com\/www.valkeaunelma.fi\/valk_www\/wp-content\/uploads\/2015\/03\/Kesahuone_2.jpg?resize=300%2C201&amp;ssl=1 300w\" sizes=\"auto, (max-width: 575px) 100vw, 575px\" \/><\/a> <a style=\"line-height: 1.5;\" href=\"https:\/\/i0.wp.com\/www.valkeaunelma.fi\/valk_www\/wp-content\/uploads\/2015\/03\/Kesahuone_1.jpg?ssl=1\"><img data-recalc-dims=\"1\" loading=\"lazy\" decoding=\"async\" class=\"alignnone size-large wp-image-117\" src=\"https:\/\/i0.wp.com\/www.valkeaunelma.fi\/valk_www\/wp-content\/uploads\/2015\/03\/Kesahuone_1.jpg?resize=575%2C368&#038;ssl=1\" alt=\"Kesahuone_1\" width=\"575\" height=\"368\" srcset=\"https:\/\/i0.wp.com\/www.valkeaunelma.fi\/valk_www\/wp-content\/uploads\/2015\/03\/Kesahuone_1.jpg?w=575&amp;ssl=1 575w, https:\/\/i0.wp.com\/www.valkeaunelma.fi\/valk_www\/wp-content\/uploads\/2015\/03\/Kesahuone_1.jpg?resize=300%2C192&amp;ssl=1 300w\" sizes=\"auto, (max-width: 575px) 100vw, 575px\" \/><\/a><span style=\"line-height: 1.5;\">\u00a09\/2013<br \/>\n<\/span><span style=\"line-height: 1.5;\">T\u00e4m\u00e4n kes\u00e4n viimeisimpi\u00e4 remontti puuhasteluja. Nyt vuorossa lasten vanha leikkim\u00f6kki. Vanha irtomaali pois ja uusi, puhdas maalipinta tilalle. Nyt kes\u00e4huone ja leikkim\u00f6kki ovat &#8221;samaa sarjaa&#8221;.<br \/>\n<\/span><a href=\"https:\/\/i0.wp.com\/www.valkeaunelma.fi\/valk_www\/wp-content\/uploads\/2015\/03\/Leikkimokki_vanhat_varit.jpg?ssl=1\"><img data-recalc-dims=\"1\" loading=\"lazy\" decoding=\"async\" class=\"alignnone size-large wp-image-118\" src=\"https:\/\/i0.wp.com\/www.valkeaunelma.fi\/valk_www\/wp-content\/uploads\/2015\/03\/Leikkimokki_vanhat_varit.jpg?resize=375%2C500&#038;ssl=1\" alt=\"Leikkimokki_vanhat_varit\" width=\"375\" height=\"500\" srcset=\"https:\/\/i0.wp.com\/www.valkeaunelma.fi\/valk_www\/wp-content\/uploads\/2015\/03\/Leikkimokki_vanhat_varit.jpg?w=375&amp;ssl=1 375w, https:\/\/i0.wp.com\/www.valkeaunelma.fi\/valk_www\/wp-content\/uploads\/2015\/03\/Leikkimokki_vanhat_varit.jpg?resize=225%2C300&amp;ssl=1 225w\" sizes=\"auto, (max-width: 375px) 100vw, 375px\" \/><\/a> <a href=\"https:\/\/i0.wp.com\/www.valkeaunelma.fi\/valk_www\/wp-content\/uploads\/2015\/03\/Leikkimokki_maalattuna_3.jpg?ssl=1\"><img data-recalc-dims=\"1\" loading=\"lazy\" decoding=\"async\" class=\"alignnone size-large wp-image-119\" src=\"https:\/\/i0.wp.com\/www.valkeaunelma.fi\/valk_www\/wp-content\/uploads\/2015\/03\/Leikkimokki_maalattuna_3.jpg?resize=500%2C375&#038;ssl=1\" alt=\"Leikkimokki_maalattuna_3\" width=\"500\" height=\"375\" srcset=\"https:\/\/i0.wp.com\/www.valkeaunelma.fi\/valk_www\/wp-content\/uploads\/2015\/03\/Leikkimokki_maalattuna_3.jpg?w=500&amp;ssl=1 500w, https:\/\/i0.wp.com\/www.valkeaunelma.fi\/valk_www\/wp-content\/uploads\/2015\/03\/Leikkimokki_maalattuna_3.jpg?resize=300%2C225&amp;ssl=1 300w\" sizes=\"auto, (max-width: 500px) 100vw, 500px\" \/><\/a> <a href=\"https:\/\/i0.wp.com\/www.valkeaunelma.fi\/valk_www\/wp-content\/uploads\/2015\/03\/Leikkimokki_maalattuna_2.jpg?ssl=1\"><img data-recalc-dims=\"1\" loading=\"lazy\" decoding=\"async\" class=\"alignnone size-large wp-image-120\" src=\"https:\/\/i0.wp.com\/www.valkeaunelma.fi\/valk_www\/wp-content\/uploads\/2015\/03\/Leikkimokki_maalattuna_2.jpg?resize=500%2C375&#038;ssl=1\" alt=\"Leikkimokki_maalattuna_2\" width=\"500\" height=\"375\" srcset=\"https:\/\/i0.wp.com\/www.valkeaunelma.fi\/valk_www\/wp-content\/uploads\/2015\/03\/Leikkimokki_maalattuna_2.jpg?w=500&amp;ssl=1 500w, https:\/\/i0.wp.com\/www.valkeaunelma.fi\/valk_www\/wp-content\/uploads\/2015\/03\/Leikkimokki_maalattuna_2.jpg?resize=300%2C225&amp;ssl=1 300w\" sizes=\"auto, (max-width: 500px) 100vw, 500px\" \/><\/a> <a href=\"https:\/\/i0.wp.com\/www.valkeaunelma.fi\/valk_www\/wp-content\/uploads\/2015\/03\/Leikkimokki_maalattuna.jpg?ssl=1\"><img data-recalc-dims=\"1\" loading=\"lazy\" decoding=\"async\" class=\"alignnone size-large wp-image-121\" src=\"https:\/\/i0.wp.com\/www.valkeaunelma.fi\/valk_www\/wp-content\/uploads\/2015\/03\/Leikkimokki_maalattuna.jpg?resize=500%2C375&#038;ssl=1\" alt=\"Leikkimokki_maalattuna\" width=\"500\" height=\"375\" srcset=\"https:\/\/i0.wp.com\/www.valkeaunelma.fi\/valk_www\/wp-content\/uploads\/2015\/03\/Leikkimokki_maalattuna.jpg?w=500&amp;ssl=1 500w, https:\/\/i0.wp.com\/www.valkeaunelma.fi\/valk_www\/wp-content\/uploads\/2015\/03\/Leikkimokki_maalattuna.jpg?resize=300%2C225&amp;ssl=1 300w\" sizes=\"auto, (max-width: 500px) 100vw, 500px\" \/><\/a> <a href=\"https:\/\/i0.wp.com\/www.valkeaunelma.fi\/valk_www\/wp-content\/uploads\/2015\/03\/Kesahuone_leikkimokki_4.jpg?ssl=1\"><img data-recalc-dims=\"1\" loading=\"lazy\" decoding=\"async\" class=\"alignnone size-large wp-image-122\" src=\"https:\/\/i0.wp.com\/www.valkeaunelma.fi\/valk_www\/wp-content\/uploads\/2015\/03\/Kesahuone_leikkimokki_4.jpg?resize=500%2C375&#038;ssl=1\" alt=\"Kesahuone_leikkimokki_4\" width=\"500\" height=\"375\" srcset=\"https:\/\/i0.wp.com\/www.valkeaunelma.fi\/valk_www\/wp-content\/uploads\/2015\/03\/Kesahuone_leikkimokki_4.jpg?w=500&amp;ssl=1 500w, https:\/\/i0.wp.com\/www.valkeaunelma.fi\/valk_www\/wp-content\/uploads\/2015\/03\/Kesahuone_leikkimokki_4.jpg?resize=300%2C225&amp;ssl=1 300w\" sizes=\"auto, (max-width: 500px) 100vw, 500px\" \/><\/a> <a href=\"https:\/\/i0.wp.com\/www.valkeaunelma.fi\/valk_www\/wp-content\/uploads\/2015\/03\/Kesahuone_leikkimokki-2.jpg?ssl=1\"><img data-recalc-dims=\"1\" loading=\"lazy\" decoding=\"async\" class=\"alignnone size-large wp-image-123\" src=\"https:\/\/i0.wp.com\/www.valkeaunelma.fi\/valk_www\/wp-content\/uploads\/2015\/03\/Kesahuone_leikkimokki-2.jpg?resize=500%2C375&#038;ssl=1\" alt=\"Kesahuone_leikkimokki-2\" width=\"500\" height=\"375\" srcset=\"https:\/\/i0.wp.com\/www.valkeaunelma.fi\/valk_www\/wp-content\/uploads\/2015\/03\/Kesahuone_leikkimokki-2.jpg?w=500&amp;ssl=1 500w, https:\/\/i0.wp.com\/www.valkeaunelma.fi\/valk_www\/wp-content\/uploads\/2015\/03\/Kesahuone_leikkimokki-2.jpg?resize=300%2C225&amp;ssl=1 300w\" sizes=\"auto, (max-width: 500px) 100vw, 500px\" \/><br \/>\n<\/a><span style=\"line-height: 1.5;\">7 \/ 2014<\/span><a style=\"line-height: 1.5;\" href=\"https:\/\/i0.wp.com\/www.valkeaunelma.fi\/valk_www\/wp-content\/uploads\/2015\/03\/Kesahuone_leikkimokki.jpg?ssl=1\"><img data-recalc-dims=\"1\" loading=\"lazy\" decoding=\"async\" class=\"alignnone size-large wp-image-124\" src=\"https:\/\/i0.wp.com\/www.valkeaunelma.fi\/valk_www\/wp-content\/uploads\/2015\/03\/Kesahuone_leikkimokki.jpg?resize=575%2C323&#038;ssl=1\" alt=\"Kesahuone_leikkimokki\" width=\"575\" height=\"323\" srcset=\"https:\/\/i0.wp.com\/www.valkeaunelma.fi\/valk_www\/wp-content\/uploads\/2015\/03\/Kesahuone_leikkimokki.jpg?w=575&amp;ssl=1 575w, https:\/\/i0.wp.com\/www.valkeaunelma.fi\/valk_www\/wp-content\/uploads\/2015\/03\/Kesahuone_leikkimokki.jpg?resize=300%2C169&amp;ssl=1 300w\" sizes=\"auto, (max-width: 575px) 100vw, 575px\" \/><\/a><\/p>\n","protected":false},"excerpt":{"rendered":"<p>8\/2012<\/p>\n","protected":false},"author":3,"featured_media":0,"comment_status":"closed","ping_status":"closed","sticky":false,"template":"","format":"standard","meta":{"ngg_post_thumbnail":0,"_jetpack_memberships_contains_paid_content":false,"footnotes":""},"categories":[12],"tags":[],"class_list":["post-98","post","type-post","status-publish","format-standard","hentry","category-sylvin-mokki"],"jetpack_featured_media_url":"","jetpack_sharing_enabled":true,"_links":{"self":[{"href":"https:\/\/www.valkeaunelma.fi\/valk_www\/index.php?rest_route=\/wp\/v2\/posts\/98","targetHints":{"allow":["GET"]}}],"collection":[{"href":"https:\/\/www.valkeaunelma.fi\/valk_www\/index.php?rest_route=\/wp\/v2\/posts"}],"about":[{"href":"https:\/\/www.valkeaunelma.fi\/valk_www\/index.php?rest_route=\/wp\/v2\/types\/post"}],"author":[{"embeddable":true,"href":"https:\/\/www.valkeaunelma.fi\/valk_www\/index.php?rest_route=\/wp\/v2\/users\/3"}],"replies":[{"embeddable":true,"href":"https:\/\/www.valkeaunelma.fi\/valk_www\/index.php?rest_route=%2Fwp%2Fv2%2Fcomments&post=98"}],"version-history":[{"count":2,"href":"https:\/\/www.valkeaunelma.fi\/valk_www\/index.php?rest_route=\/wp\/v2\/posts\/98\/revisions"}],"predecessor-version":[{"id":1661,"href":"https:\/\/www.valkeaunelma.fi\/valk_www\/index.php?rest_route=\/wp\/v2\/posts\/98\/revisions\/1661"}],"wp:attachment":[{"href":"https:\/\/www.valkeaunelma.fi\/valk_www\/index.php?rest_route=%2Fwp%2Fv2%2Fmedia&parent=98"}],"wp:term":[{"taxonomy":"category","embeddable":true,"href":"https:\/\/www.valkeaunelma.fi\/valk_www\/index.php?rest_route=%2Fwp%2Fv2%2Fcategories&post=98"},{"taxonomy":"post_tag","embeddable":true,"href":"https:\/\/www.valkeaunelma.fi\/valk_www\/index.php?rest_route=%2Fwp%2Fv2%2Ftags&post=98"}],"curies":[{"name":"wp","href":"https:\/\/api.w.org\/{rel}","templated":true}]}}